{"id":63016,"date":"2022-12-12T10:48:08","date_gmt":"2022-12-12T13:48:08","guid":{"rendered":"https:\/\/www.radioamigavallenar.cl\/?p=63016"},"modified":"2022-12-12T10:48:08","modified_gmt":"2022-12-12T13:48:08","slug":"marcel-encabeza-el-chile-day-en-londres-buscara-atraer-inversionistas-y-tendra-serie-de-reuniones","status":"publish","type":"post","link":"https:\/\/www.radioamigavallenar.cl\/?p=63016","title":{"rendered":"Marcel encabeza el Chile Day en Londres: buscar\u00e1 atraer inversionistas y tendr\u00e1 serie de reuniones"},"content":{"rendered":"<div class=\"post-excerpt\">\n<p>La autoridad tendr\u00e1 reuniones bilaterales y con inversionistas. Adem\u00e1s, visitar\u00e1 la Bolsa de Valores de Metales de Londres para reunirse con sus ejecutivos.<\/p>\n<\/div>\n<div class=\"banners-contenido-nota-5499452\">\n<p>El ministro de Hacienda, Mario Marcel, se encuentra en Londres participando del XI Chile Day que se realizar\u00e1 entre este lunes 12 y el martes 13 de diciembre.<\/p>\n<p>La actividad buscar\u00e1 fortalecer la relaci\u00f3n con la contraparte brit\u00e1nica en diferentes materias como finanzas verdes, gobernanza del mercado financiero, fintech, financiamiento del emprendimiento, capital de riesgo, infraestructura, crecimiento econ\u00f3mico y reformas, entre otros.<\/p>\n<p>Un hito ser\u00e1 la firma y suscripci\u00f3n del Memor\u00e1ndum de Entendimiento para la Cooperaci\u00f3n en el Desarrollo del Sector Financiero entre el Ministerio de Hacienda y el Tesoro del Reino Unido, tras negociaciones desarrolladas entre 2021-2022 con el objetivo de identificar potenciales v\u00edas de cooperaci\u00f3n entre ambas agencias en el sector financiero.<\/p>\n<h2>La agenda del ministro Marcel en Londres<\/h2>\n<p>La agenda del ministro Marcel parti\u00f3 este lunes con una entrevista con Bloomberg.<\/p>\n<p>Luego, abri\u00f3 el plenario con una exposici\u00f3n sobre el \u201cDesarrollo y Perspectivas de la econom\u00eda chilena\u201d.<\/p>\n<p>Despu\u00e9s, el ministro Marcel se ir\u00e1 directamente a la Bolsa de Valores de Metales de Londres (o LME por sus siglas en ingl\u00e9s) para reunirse con sus ejecutivos.<\/p>\n<p>Tambi\u00e9n sostendr\u00e1 una bilateral con la empresa minera Teck Resources encabezada por el CEO, Jonathan Price, y luego realizar\u00e1 otras reuniones bilaterales rotativas (con el Banco Central) y privadas con grupos de firmas nacionales e internacionales.<\/p>\n<p>M\u00e1s tarde, el secretario de Estado dar\u00e1 una Charla Magistral en el London Business School, sobre el \u201cAtractivo de Chile: Desaf\u00edos y oportunidades para atraer talento\u201d.<\/p>\n<p>Para cerrar su estad\u00eda, el ministro tendr\u00e1 actividades en paralelo al Chile Day donde se reunir\u00e1 con inversionistas en un encuentro organizado por el Banco Santander; y luego reuniones bilaterales con el fondo de inversi\u00f3n Oxbridge Capital, con el gerente general de Australis Seafoods, Andr\u00e9s Lyon, y con el presidente de la empresa Joyvio Food, Chen Shaopeng.<\/p>\n<\/div>\n","protected":false},"excerpt":{"rendered":"<p>La autoridad tendr\u00e1 reuniones bilaterales y con inversionistas. Adem\u00e1s, visitar\u00e1 la Bolsa de Valores de Metales de Londres para reunirse con sus ejecutivos. El ministro&hellip; <\/p>\n","protected":false},"author":2,"featured_media":0,"comment_status":"open","ping_status":"closed","sticky":false,"template":"","format":"standard","meta":{"footnotes":""},"categories":[37],"tags":[],"class_list":["post-63016","post","type-post","status-publish","format-standard","hentry","category-nacional"],"_links":{"self":[{"href":"https:\/\/www.radioamigavallenar.cl\/index.php?rest_route=\/wp\/v2\/posts\/63016","targetHints":{"allow":["GET"]}}],"collection":[{"href":"https:\/\/www.radioamigavallenar.cl\/index.php?rest_route=\/wp\/v2\/posts"}],"about":[{"href":"https:\/\/www.radioamigavallenar.cl\/index.php?rest_route=\/wp\/v2\/types\/post"}],"author":[{"embeddable":true,"href":"https:\/\/www.radioamigavallenar.cl\/index.php?rest_route=\/wp\/v2\/users\/2"}],"replies":[{"embeddable":true,"href":"https:\/\/www.radioamigavallenar.cl\/index.php?rest_route=%2Fwp%2Fv2%2Fcomments&post=63016"}],"version-history":[{"count":1,"href":"https:\/\/www.radioamigavallenar.cl\/index.php?rest_route=\/wp\/v2\/posts\/63016\/revisions"}],"predecessor-version":[{"id":63018,"href":"https:\/\/www.radioamigavallenar.cl\/index.php?rest_route=\/wp\/v2\/posts\/63016\/revisions\/63018"}],"wp:attachment":[{"href":"https:\/\/www.radioamigavallenar.cl\/index.php?rest_route=%2Fwp%2Fv2%2Fmedia&parent=63016"}],"wp:term":[{"taxonomy":"category","embeddable":true,"href":"https:\/\/www.radioamigavallenar.cl\/index.php?rest_route=%2Fwp%2Fv2%2Fcategories&post=63016"},{"taxonomy":"post_tag","embeddable":true,"href":"https:\/\/www.radioamigavallenar.cl\/index.php?rest_route=%2Fwp%2Fv2%2Ftags&post=63016"}],"curies":[{"name":"wp","href":"https:\/\/api.w.org\/{rel}","templated":true}]}}