{"id":62497,"date":"2022-11-29T00:01:52","date_gmt":"2022-11-29T03:01:52","guid":{"rendered":"https:\/\/www.radioamigavallenar.cl\/?p=62497"},"modified":"2022-11-28T22:24:07","modified_gmt":"2022-11-29T01:24:07","slug":"a-la-antigua-encuentro-con-adultos-mayores-en-la-plaza-de-vallenar","status":"publish","type":"post","link":"https:\/\/www.radioamigavallenar.cl\/?p=62497","title":{"rendered":"A la antigua encuentro con adultos mayores en la plaza de Vallenar"},"content":{"rendered":"<p>Una interesante propuesta la que se lleva a cabo, semana a semana en pleno paseo p\u00fablico de Vallenar, en la plaza \u201cAmbrosio O\u00b4Higgins\u201d, en el lugar se desarrolla un proyecto destinado a establecer un encuentro con la gente que visita peri\u00f3dicamente el lugar m\u00fasica del recuerdo, conversaci\u00f3n y entrevistas en tem\u00e1ticas relacionadas con la gente mayor. La iniciativa es financiada mediante recursos FNDR.<\/p>\n<p>Rodrigo Loyola, Delegado Presidencial Provincial, fue invitado recientemente a participar de esta iniciativa, dando cuenta de las pol\u00edticas p\u00fablicas, programas y proyectos que el Gobierno est\u00e1 impulsando en materias relacionadas con la gente mayor, en tal sentido valor\u00f3 esta instancia que permite acercar la informaci\u00f3n en todos los \u00e1mbitos y en todos los sectores.<\/p>\n<p>En la ciudad hay espacios\u00a0 de encuentro comunitario en donde se re\u00fanen peri\u00f3dicamente los adultos mayores y con el objeto de bien aprovechar estos espacios es que se ha generado esta iniciativa de esparcimiento, de entretenci\u00f3n y de informaci\u00f3n, ello a trav\u00e9s de la llamada \u201cRadio Itinerante Mis a\u00f1os Dorados\u201d, un estudio de radio al aire libre y abierto a la comunidad\u00a0 que tres veces a la semana (lunes, mi\u00e9rcoles y viernes) les acompa\u00f1a durante la ma\u00f1ana y les propone un momento grato de recuerdos, a trav\u00e9s de la m\u00fasica, la conversaci\u00f3n y compa\u00f1\u00eda.<\/p>\n<p>La iniciativa est\u00e1 a cargo del club deportivo Orosgym de Vallenar y es ejecutado por el comunicador Lu\u00eds Araya, quien desarrolla habitualmente espacios en radios locales dedicados al adulto mayor. El prop\u00f3sito de esta iniciativa es fomentar el envejecimiento activo en el adulto mayor, desarrollo de sus capacidades\u00a0 y autonom\u00eda y comunicaci\u00f3n entre ellos y su entorno.<\/p>\n","protected":false},"excerpt":{"rendered":"<p>Una interesante propuesta la que se lleva a cabo, semana a semana en pleno paseo p\u00fablico de Vallenar, en la plaza \u201cAmbrosio O\u00b4Higgins\u201d, en el&hellip; <\/p>\n","protected":false},"author":2,"featured_media":0,"comment_status":"open","ping_status":"closed","sticky":false,"template":"","format":"standard","meta":{"footnotes":""},"categories":[7],"tags":[],"class_list":["post-62497","post","type-post","status-publish","format-standard","hentry","category-atacama"],"_links":{"self":[{"href":"https:\/\/www.radioamigavallenar.cl\/index.php?rest_route=\/wp\/v2\/posts\/62497","targetHints":{"allow":["GET"]}}],"collection":[{"href":"https:\/\/www.radioamigavallenar.cl\/index.php?rest_route=\/wp\/v2\/posts"}],"about":[{"href":"https:\/\/www.radioamigavallenar.cl\/index.php?rest_route=\/wp\/v2\/types\/post"}],"author":[{"embeddable":true,"href":"https:\/\/www.radioamigavallenar.cl\/index.php?rest_route=\/wp\/v2\/users\/2"}],"replies":[{"embeddable":true,"href":"https:\/\/www.radioamigavallenar.cl\/index.php?rest_route=%2Fwp%2Fv2%2Fcomments&post=62497"}],"version-history":[{"count":1,"href":"https:\/\/www.radioamigavallenar.cl\/index.php?rest_route=\/wp\/v2\/posts\/62497\/revisions"}],"predecessor-version":[{"id":62499,"href":"https:\/\/www.radioamigavallenar.cl\/index.php?rest_route=\/wp\/v2\/posts\/62497\/revisions\/62499"}],"wp:attachment":[{"href":"https:\/\/www.radioamigavallenar.cl\/index.php?rest_route=%2Fwp%2Fv2%2Fmedia&parent=62497"}],"wp:term":[{"taxonomy":"category","embeddable":true,"href":"https:\/\/www.radioamigavallenar.cl\/index.php?rest_route=%2Fwp%2Fv2%2Fcategories&post=62497"},{"taxonomy":"post_tag","embeddable":true,"href":"https:\/\/www.radioamigavallenar.cl\/index.php?rest_route=%2Fwp%2Fv2%2Ftags&post=62497"}],"curies":[{"name":"wp","href":"https:\/\/api.w.org\/{rel}","templated":true}]}}