{"id":618,"date":"2016-05-19T11:51:20","date_gmt":"2016-05-19T14:51:20","guid":{"rendered":"http:\/\/www.radioamigavallenar.cl\/?p=618"},"modified":"2016-05-19T11:51:20","modified_gmt":"2016-05-19T14:51:20","slug":"audio-plan-busca-erradicar-la-brucelosis-en-vacunos","status":"publish","type":"post","link":"https:\/\/www.radioamigavallenar.cl\/?p=618","title":{"rendered":"(AUDIO) Plan busca erradicar la brucelosis en vacunos"},"content":{"rendered":"<p style=\"text-align: justify;\"><a href=\"http:\/\/www.radioamigavallenar.cl\/wp-content\/uploads\/2016\/05\/Sag.jpg\"><img loading=\"lazy\" decoding=\"async\" class=\" size-medium wp-image-619 aligncenter\" src=\"http:\/\/www.radioamigavallenar.cl\/wp-content\/uploads\/2016\/05\/Sag-300x240.jpg\" alt=\"Sag\" width=\"300\" height=\"240\" srcset=\"https:\/\/www.radioamigavallenar.cl\/wp-content\/uploads\/2016\/05\/Sag-300x240.jpg 300w, https:\/\/www.radioamigavallenar.cl\/wp-content\/uploads\/2016\/05\/Sag.jpg 700w\" sizes=\"auto, (max-width: 300px) 100vw, 300px\" \/><\/a><\/p>\n<p style=\"text-align: justify;\">Este a\u00f1o el Servicio Agr\u00edcola y Ganadero, SAG, comenz\u00f3 a ejecutar el Plan para declarar a la macro zona norte libre de Brucelosis Bovina, el que espera demostrar la ausencia de la enfermedad en las primeras cinco regiones del norte del pa\u00eds hacia fines de 2017, con el prop\u00f3sito impulsar el desarrollo del sector bovino y lechero.<\/p>\n<p style=\"text-align: justify;\">El lanzamiento del programa en Atacama se realiz\u00f3 en el predio ganadero de \u00d3scar Molina Vitali, parcela Santa Clara, Tierra Amarilla, con la presencia del subsecretario de Agricultura, Claudio Ternicier, la seremi de Agricultura, Patricia Olivares, y el director regional del SAG, Juan Carlos Valencia, y la comunidad del sector.<\/p>\n<p style=\"text-align: justify;\">En la regi\u00f3n de Atacama existen 176 predios bovinos seg\u00fan el censo agropecuario de 2007, de los cuales 93 ser\u00e1n muestreados. A la fecha se han tomado muestras a 806 animales, ejecutando un 40% de avance. Cabe destacar, que actualmente no se han detectado nuevos predios infectados en la regi\u00f3n.<\/p>\n<p style=\"text-align: justify;\">El subsecretario Ternicier, destac\u00f3 que en Atacama la enfermedad est\u00e1 ausente desde hace varios a\u00f1os, \u201cy eso tiene una correlaci\u00f3n con los estudios epidemiol\u00f3gicos que hemos venidos haciendo en el tiempo, por parte del SAG a lo largo de todo el pa\u00eds, y que demuestran que hay zonas hacia los extremos sur y norte, que tienen una prevalencia muy baja de la enfermedad, esto por cierto, producto de a\u00f1os de lucha contra esa enfermedad\u201d.<\/p>\n<audio class=\"wp-audio-shortcode\" id=\"audio-618-1\" preload=\"none\" style=\"width: 100%;\" controls=\"controls\"><source type=\"audio\/mpeg\" src=\"http:\/\/www.radioamigavallenar.cl\/wp-content\/uploads\/2016\/05\/Claudio-Ternicier1.mp3?_=1\" \/><a href=\"http:\/\/www.radioamigavallenar.cl\/wp-content\/uploads\/2016\/05\/Claudio-Ternicier1.mp3\">http:\/\/www.radioamigavallenar.cl\/wp-content\/uploads\/2016\/05\/Claudio-Ternicier1.mp3<\/a><\/audio>\n<p style=\"text-align: justify;\">Este a\u00f1o el plan comprende la toma de muestras de sangre en vacunos machos enteros y hembras mayores de 12 meses de edad, abarcando la poblaci\u00f3n bovina conocida sanitariamente, como tambi\u00e9n sobre la que no se tienen antecedentes sanitarios anteriores.<\/p>\n<p style=\"text-align: justify;\">Por su parte, Juan Carlos Valencia del SAG, destac\u00f3 que funcionarios del servicio est\u00e1n visitando los predios bovinos, por lo que \u201csolicitamos a la comunidad que colabore con ellos, est\u00e1n trabajando para detectar a los animales infectados e impedir que la enfermedad se transmita a reba\u00f1os sanos o al resto del pa\u00eds. As\u00ed mismo, pedimos que nos den aviso sobre eventos de abortos que est\u00e9n afectando a su reba\u00f1o bovino\u201d.<\/p>\n<p style=\"text-align: justify;\">La brucelosis es una enfermedad infectocontagiosa y zoon\u00f3tica, producida por la bacteria <em>Brucella abortus,<\/em> que \u00a0afecta principalmente a las hembras en edad reproductiva, causando abortos y placentitis, entre otras afecciones. Tambi\u00e9n perjudica al macho, generando epididimitis, orquitis,\u00a0 e infertilidad.<\/p>\n<p style=\"text-align: justify;\">Como zoonosis, se contagia a las personas por contacto con productos de abortos de animales, ingesti\u00f3n de productos l\u00e1cteos no pasteurizados o ingesti\u00f3n de carne cruda.<\/p>\n<p style=\"text-align: justify;\">La masa bovina regional alcanza las 7.143 cabezas seg\u00fan el censo de 2007, la mayor\u00eda de ellas presente en la provincia del Huasco.<\/p>\n<p>&nbsp;<\/p>\n","protected":false},"excerpt":{"rendered":"<p>Este a\u00f1o el Servicio Agr\u00edcola y Ganadero, SAG, comenz\u00f3 a ejecutar el Plan para declarar a la macro zona norte libre de Brucelosis Bovina, el&hellip; <\/p>\n","protected":false},"author":2,"featured_media":619,"comment_status":"open","ping_status":"closed","sticky":false,"template":"","format":"standard","meta":{"footnotes":""},"categories":[7],"tags":[],"class_list":["post-618","post","type-post","status-publish","format-standard","has-post-thumbnail","hentry","category-atacama"],"_links":{"self":[{"href":"https:\/\/www.radioamigavallenar.cl\/index.php?rest_route=\/wp\/v2\/posts\/618","targetHints":{"allow":["GET"]}}],"collection":[{"href":"https:\/\/www.radioamigavallenar.cl\/index.php?rest_route=\/wp\/v2\/posts"}],"about":[{"href":"https:\/\/www.radioamigavallenar.cl\/index.php?rest_route=\/wp\/v2\/types\/post"}],"author":[{"embeddable":true,"href":"https:\/\/www.radioamigavallenar.cl\/index.php?rest_route=\/wp\/v2\/users\/2"}],"replies":[{"embeddable":true,"href":"https:\/\/www.radioamigavallenar.cl\/index.php?rest_route=%2Fwp%2Fv2%2Fcomments&post=618"}],"version-history":[{"count":0,"href":"https:\/\/www.radioamigavallenar.cl\/index.php?rest_route=\/wp\/v2\/posts\/618\/revisions"}],"wp:featuredmedia":[{"embeddable":true,"href":"https:\/\/www.radioamigavallenar.cl\/index.php?rest_route=\/wp\/v2\/media\/619"}],"wp:attachment":[{"href":"https:\/\/www.radioamigavallenar.cl\/index.php?rest_route=%2Fwp%2Fv2%2Fmedia&parent=618"}],"wp:term":[{"taxonomy":"category","embeddable":true,"href":"https:\/\/www.radioamigavallenar.cl\/index.php?rest_route=%2Fwp%2Fv2%2Fcategories&post=618"},{"taxonomy":"post_tag","embeddable":true,"href":"https:\/\/www.radioamigavallenar.cl\/index.php?rest_route=%2Fwp%2Fv2%2Ftags&post=618"}],"curies":[{"name":"wp","href":"https:\/\/api.w.org\/{rel}","templated":true}]}}