{"id":608,"date":"2016-05-19T11:09:34","date_gmt":"2016-05-19T14:09:34","guid":{"rendered":"http:\/\/www.radioamigavallenar.cl\/?p=608"},"modified":"2016-05-19T11:09:34","modified_gmt":"2016-05-19T14:09:34","slug":"invitan-a-ser-parte-del-programa-vallenar-comuna-sustentable-en-4ta-version-del-dia-del-reciclaje","status":"publish","type":"post","link":"https:\/\/www.radioamigavallenar.cl\/?p=608","title":{"rendered":"Invitan a ser parte del programa \u00abVallenar, comuna sustentable\u00bb en 4ta versi\u00f3n del d\u00eda del reciclaje"},"content":{"rendered":"<p style=\"text-align: justify;\"><a href=\"http:\/\/www.radioamigavallenar.cl\/wp-content\/uploads\/2016\/05\/dia-reciclaje.jpg\"><img loading=\"lazy\" decoding=\"async\" class=\" size-medium wp-image-611 aligncenter\" src=\"http:\/\/www.radioamigavallenar.cl\/wp-content\/uploads\/2016\/05\/dia-reciclaje-300x225.jpg\" alt=\"dia reciclaje\" width=\"300\" height=\"225\" srcset=\"https:\/\/www.radioamigavallenar.cl\/wp-content\/uploads\/2016\/05\/dia-reciclaje-300x225.jpg 300w, https:\/\/www.radioamigavallenar.cl\/wp-content\/uploads\/2016\/05\/dia-reciclaje.jpg 700w\" sizes=\"auto, (max-width: 300px) 100vw, 300px\" \/><\/a><\/p>\n<p style=\"text-align: justify;\">La municipalidad\u00a0de Vallenar a trav\u00e9s de sus \u00abcomit\u00e9s ambientales\u00bb, dentro de su estrategia ambiental, rescata la conmemoraci\u00f3n de fechas importantes para el medio ambiente, como son el d\u00eda del agua, el d\u00eda de la tierra y el d\u00eda del reciclaje. Esta \u00faltima fue celebrada con la <strong>4ta versi\u00f3n de la Feria del Reciclaje<\/strong> en nuestro principal paseo p\u00fablico, la Plaza Ambrosio O\u2019higgins.<\/p>\n<p style=\"text-align: justify;\">\u201cEste es un trabajo colaborativo entre la empresa privada Recimaq, la Uni\u00f3n Comunal Norte que hace un trabajo hermos\u00edsimo de re-utilizaci\u00f3n, el Liceo Jos\u00e9 Santos Ossa que est\u00e1 desarrollando un trabajo de reciclaje bastante innovador, como tambi\u00e9n la escuela Luis Alberto Iriarte que hoy est\u00e1 certificada con excelencia, lo cual para nosotros es un orgullo dentro de la comunidad\u201d, manifest\u00f3 Marcela Araya Sep\u00falveda, coordinadora ambiental municipal.<\/p>\n<p style=\"text-align: justify;\">La actividad cont\u00f3 con 8 stand informativos y la instalaci\u00f3n de 4 contenedores en los que la comunidad pudo depositar su reciclaje de botellas pl\u00e1sticas, latas, papel y pilas. Destacamos la novedosa manera de reutilizar del Liceo Jos\u00e9 Satos Ossa, quienes mostraban a los asistentes una aspiradora, una l\u00e1mpara e incluso un parlante peque\u00f1o con materiales reciclados. La Serem\u00eda del Medio Ambiente, Conaf y la Agrupaci\u00f3n Cultural Huellas del Valle tambi\u00e9n estuvieron presentes.<\/p>\n<p style=\"text-align: justify;\">Por su parte, la Uni\u00f3n Comunal Norte de Juntas de Vecinos que ya lleva cinco a\u00f1os en el trabajo de la re-utilizaci\u00f3n y reducci\u00f3n, ten\u00edan en su exposici\u00f3n un sajador de aceitunas, maceteros y copas hechas con botellas pl\u00e1sticas y pallets; bolsos y manteles confeccionados con bolsas, colgantes, cocinas bruja y solar, adem\u00e1s de asientos tipo puff.<\/p>\n<p style=\"text-align: justify;\"><strong>Vallenar, Comuna Sustentable<\/strong><\/p>\n<p style=\"text-align: justify;\">Junio ser\u00e1 el mes en que la Direcci\u00f3n del Medio Ambiente alzar\u00e1 su voz en la labor de cuidar y proteger nuestro entorno, ya que el domingo 5 de ese mes se celebra el D\u00eda Mundial del Medio Ambiente. Para esto, la Municipalidad de Vallenar, a trav\u00e9s de sus \u00abcomit\u00e9s ambientales\u00bb, se encuentra preparando el lanzamiento del programa <strong>Vallenar Comuna Sustentable<\/strong>, con el que se promueve la reducci\u00f3n de bolsas pl\u00e1sticas.<\/p>\n<p style=\"text-align: justify;\">Para dar a conocer el calendario completo de actividades, se est\u00e1 planificando una conferencia de prensa durante la primera semana de junio. Para la ocasi\u00f3n se trabajar\u00e1 asociativamente con la Corporaci\u00f3n Nacional Forestal \u2013CONAF-, SAG,\u00a0 el Departamento Administrativo de Educaci\u00f3n Municipal \u2013DAEM-, entre otros.<\/p>\n<p style=\"text-align: justify;\">Mientras tanto, la coordinadora municipal ambiental invita a toda la comunidad a hacerse participe del programa \u201c<strong>Vallenar Comuna Sustentable<\/strong>\u201d con peque\u00f1as acciones.<\/p>\n<p style=\"text-align: justify;\">\u201cPor ejemplo, cerrar bien la llave, apagar el televisor si salgo de la casa, separar la botella pl\u00e1stica y las latas, separar el papel blanco del papel de diario, para luego depositarlo en los puntos limpios que el municipio ha implementado en nuestros edificios como el Nicol\u00e1s Naranjo, el Centro Comunitario y en Carrera en los talleres municipales. Estos tres puntos limpios atienden en horario de oficina, pero si asiste cuando no se atiende p\u00fablico, puede dejar su reciclaje con el guardia para que \u00e9l lo deposite donde corresponde\u201d, aclar\u00f3 Marcela Araya Sep\u00falveda.<\/p>\n<p>&nbsp;<\/p>\n","protected":false},"excerpt":{"rendered":"<p>La municipalidad\u00a0de Vallenar a trav\u00e9s de sus \u00abcomit\u00e9s ambientales\u00bb, dentro de su estrategia ambiental, rescata la conmemoraci\u00f3n de fechas importantes para el medio ambiente, como&hellip; <\/p>\n","protected":false},"author":2,"featured_media":611,"comment_status":"open","ping_status":"closed","sticky":false,"template":"","format":"standard","meta":{"footnotes":""},"categories":[2],"tags":[],"class_list":["post-608","post","type-post","status-publish","format-standard","has-post-thumbnail","hentry","category-vallenar"],"_links":{"self":[{"href":"https:\/\/www.radioamigavallenar.cl\/index.php?rest_route=\/wp\/v2\/posts\/608","targetHints":{"allow":["GET"]}}],"collection":[{"href":"https:\/\/www.radioamigavallenar.cl\/index.php?rest_route=\/wp\/v2\/posts"}],"about":[{"href":"https:\/\/www.radioamigavallenar.cl\/index.php?rest_route=\/wp\/v2\/types\/post"}],"author":[{"embeddable":true,"href":"https:\/\/www.radioamigavallenar.cl\/index.php?rest_route=\/wp\/v2\/users\/2"}],"replies":[{"embeddable":true,"href":"https:\/\/www.radioamigavallenar.cl\/index.php?rest_route=%2Fwp%2Fv2%2Fcomments&post=608"}],"version-history":[{"count":0,"href":"https:\/\/www.radioamigavallenar.cl\/index.php?rest_route=\/wp\/v2\/posts\/608\/revisions"}],"wp:featuredmedia":[{"embeddable":true,"href":"https:\/\/www.radioamigavallenar.cl\/index.php?rest_route=\/wp\/v2\/media\/611"}],"wp:attachment":[{"href":"https:\/\/www.radioamigavallenar.cl\/index.php?rest_route=%2Fwp%2Fv2%2Fmedia&parent=608"}],"wp:term":[{"taxonomy":"category","embeddable":true,"href":"https:\/\/www.radioamigavallenar.cl\/index.php?rest_route=%2Fwp%2Fv2%2Fcategories&post=608"},{"taxonomy":"post_tag","embeddable":true,"href":"https:\/\/www.radioamigavallenar.cl\/index.php?rest_route=%2Fwp%2Fv2%2Ftags&post=608"}],"curies":[{"name":"wp","href":"https:\/\/api.w.org\/{rel}","templated":true}]}}