{"id":54475,"date":"2022-05-23T00:00:19","date_gmt":"2022-05-23T04:00:19","guid":{"rendered":"https:\/\/www.radioamigavallenar.cl\/?p=54475"},"modified":"2022-05-22T22:45:39","modified_gmt":"2022-05-23T02:45:39","slug":"cadem-boric-mantiene-50-de-desaprobacion-y-77-valora-estado-de-excepcion-en-macrozona-sur","status":"publish","type":"post","link":"https:\/\/www.radioamigavallenar.cl\/?p=54475","title":{"rendered":"Cadem: Boric mantiene 50% de desaprobaci\u00f3n y 77% valora Estado de Excepci\u00f3n en Macrozona Sur"},"content":{"rendered":"<div class=\"post-excerpt\">\n<p>Cadem dio a conocer este domingo una nueva versi\u00f3n de su Encuesta Plaza P\u00fablica, correspondiente a la tercera semana de mayo. El sondeo muestra que la desaprobaci\u00f3n a la gesti\u00f3n del presidente, Gabriel Boric, se mantiene en un 50%. Adem\u00e1s, se conoci\u00f3 que un 77% de los encuestados est\u00e1 \u00abde acuerdo\u00bb con que se haya decretado Estado de Excepci\u00f3n en algunas provincias de la Macrozona Sur.<\/p>\n<p>&nbsp;<\/p>\n<\/div>\n<div class=\"banners-contenido-nota-5304679\">\n<p>Un 50% de los ciudadanos encuestados para la \u00faltima edici\u00f3n de la Encuesta Plaza P\u00fablica de Cadem desaprueba la forma en que el presidente, Gabriel Boric, est\u00e1 conduciendo su\u00a0<a href=\"https:\/\/www.gob.cl\/\">Gobierno<\/a>.<\/p>\n<p>Se trata del mismo porcentaje de desaprobaci\u00f3n que registr\u00f3 el Mandatario en la versi\u00f3n del sondeo dado a conocer la semana pasada.<\/p>\n<p>Donde s\u00ed se registr\u00f3 una peque\u00f1a variaci\u00f3n fue en el porcentaje de personas que aprueban su gesti\u00f3n, pasando de 39% (en la semana anterior) a un 38% en la actual.<\/p>\n<figure id=\"attachment_5304686\" class=\"wp-caption alignnone\" aria-describedby=\"caption-attachment-5304686\"><img loading=\"lazy\" decoding=\"async\" class=\"size-full wp-image-5304686\" src=\"https:\/\/media.biobiochile.cl\/wp-content\/uploads\/2022\/05\/boric-aprobacion-cadem-encuesta-mayo.jpeg\" alt=\"Gr\u00e1fica de aprobaci\u00f3n al presidente, Gabriel Boric. \" width=\"1200\" height=\"652\" \/><figcaption id=\"caption-attachment-5304686\" class=\"wp-caption-text\"><\/figcaption><\/figure>\n<figure id=\"attachment_5304689\" class=\"wp-caption alignnone\" aria-describedby=\"caption-attachment-5304689\"><img loading=\"lazy\" decoding=\"async\" class=\"size-full wp-image-5304689\" src=\"https:\/\/media.biobiochile.cl\/wp-content\/uploads\/2022\/05\/historico-aprobacion-boric.jpeg\" alt=\"Gr\u00e1fica de aprobaci\u00f3n hist\u00f3rica del presidente, Gabriel Boric. \" width=\"1200\" height=\"656\" \/><figcaption id=\"caption-attachment-5304689\" class=\"wp-caption-text\"><\/figcaption><\/figure>\n<h2>Estado de Excepci\u00f3n<\/h2>\n<p>Otro de los aspectos que se midi\u00f3 esta semana es la opini\u00f3n de los ciudadanos sobre la decisi\u00f3n de La Moneda de decretar un Estado de Excepci\u00f3n Constitucional por los hechos de violencia que afectan a distintas provincias de la Macrozona Sur.<\/p>\n<p>De acuerdo a la encuesta, un 77% de los consultados manifest\u00f3 estar de acuerdo con la medida, mientras que un 19% se mostr\u00f3 en contra.<\/p>\n<p>En la misma l\u00ednea, un 85% de los encuestados opin\u00f3 que se debi\u00f3 tomar la decisi\u00f3n antes y s\u00f3lo un 15% asegur\u00f3 que fue a tiempo.<\/p>\n<figure id=\"attachment_5304696\" class=\"wp-caption alignnone\" aria-describedby=\"caption-attachment-5304696\"><img loading=\"lazy\" decoding=\"async\" class=\"size-full wp-image-5304696\" src=\"https:\/\/media.biobiochile.cl\/wp-content\/uploads\/2022\/05\/estado-macrozona-sur-cadem.jpeg\" alt=\"Gr\u00e1fica sobre Estado de Excepci\u00f3n en Macrozona Sur.  \" width=\"1200\" height=\"674\" \/><figcaption id=\"caption-attachment-5304696\" class=\"wp-caption-text\"><\/figcaption><\/figure>\n<h2>Plebiscito de Salida<\/h2>\n<p>Adem\u00e1s, Cadem consult\u00f3 a los encuestados para tener una perspectiva del Plebiscito de Salida que se llevar\u00e1 a cabo el domingo 4 de septiembre.<\/p>\n<p>En concreto, se les pregunt\u00f3 a las personas si votar\u00edan apruebo o rechazo en base a la informaci\u00f3n que se tiene actualmente sobre el texto.<\/p>\n<p>Cabe se\u00f1alar que esta es la primera encuesta que Cadem realiza luego que se publicara el primer borrador de la propuesta de nueva Constituci\u00f3n.<\/p>\n<p>En efecto, al igual que la semana pasada, un 46% de los consultados asegur\u00f3 que votar\u00e1 \u201crechazo\u201d, mientras que un 37% manifest\u00f3 que votar\u00e1 \u201capruebo\u201d.<\/p>\n<p>Un 17%, en tanto, no supo o no respondi\u00f3 a la pregunta.<\/p>\n<figure id=\"attachment_5304700\" class=\"wp-caption alignnone\" aria-describedby=\"caption-attachment-5304700\"><img loading=\"lazy\" decoding=\"async\" class=\"size-full wp-image-5304700\" src=\"https:\/\/media.biobiochile.cl\/wp-content\/uploads\/2022\/05\/plebiscito-constitucion-grafica-cadem.jpeg\" alt=\"Gr\u00e1fica sobre plebiscito de salida. \" width=\"1200\" height=\"558\" \/><figcaption id=\"caption-attachment-5304700\" class=\"wp-caption-text\"><\/figcaption><\/figure>\n<p>Seg\u00fan inform\u00f3 Cadem, el estudio semanal se realiz\u00f3 entre el mi\u00e9rcoles 18 y el viernes 20 de mayo. Durante ese periodo se consigui\u00f3 que 708 personas, repartidas en 169 comunas del pa\u00eds, respondieran la encuesta completa.<\/p>\n<\/div>\n","protected":false},"excerpt":{"rendered":"<p>Cadem dio a conocer este domingo una nueva versi\u00f3n de su Encuesta Plaza P\u00fablica, correspondiente a la tercera semana de mayo. El sondeo muestra que&hellip; <\/p>\n","protected":false},"author":2,"featured_media":48521,"comment_status":"open","ping_status":"closed","sticky":false,"template":"","format":"standard","meta":{"footnotes":""},"categories":[37],"tags":[],"class_list":["post-54475","post","type-post","status-publish","format-standard","has-post-thumbnail","hentry","category-nacional"],"_links":{"self":[{"href":"https:\/\/www.radioamigavallenar.cl\/index.php?rest_route=\/wp\/v2\/posts\/54475","targetHints":{"allow":["GET"]}}],"collection":[{"href":"https:\/\/www.radioamigavallenar.cl\/index.php?rest_route=\/wp\/v2\/posts"}],"about":[{"href":"https:\/\/www.radioamigavallenar.cl\/index.php?rest_route=\/wp\/v2\/types\/post"}],"author":[{"embeddable":true,"href":"https:\/\/www.radioamigavallenar.cl\/index.php?rest_route=\/wp\/v2\/users\/2"}],"replies":[{"embeddable":true,"href":"https:\/\/www.radioamigavallenar.cl\/index.php?rest_route=%2Fwp%2Fv2%2Fcomments&post=54475"}],"version-history":[{"count":1,"href":"https:\/\/www.radioamigavallenar.cl\/index.php?rest_route=\/wp\/v2\/posts\/54475\/revisions"}],"predecessor-version":[{"id":54476,"href":"https:\/\/www.radioamigavallenar.cl\/index.php?rest_route=\/wp\/v2\/posts\/54475\/revisions\/54476"}],"wp:featuredmedia":[{"embeddable":true,"href":"https:\/\/www.radioamigavallenar.cl\/index.php?rest_route=\/wp\/v2\/media\/48521"}],"wp:attachment":[{"href":"https:\/\/www.radioamigavallenar.cl\/index.php?rest_route=%2Fwp%2Fv2%2Fmedia&parent=54475"}],"wp:term":[{"taxonomy":"category","embeddable":true,"href":"https:\/\/www.radioamigavallenar.cl\/index.php?rest_route=%2Fwp%2Fv2%2Fcategories&post=54475"},{"taxonomy":"post_tag","embeddable":true,"href":"https:\/\/www.radioamigavallenar.cl\/index.php?rest_route=%2Fwp%2Fv2%2Ftags&post=54475"}],"curies":[{"name":"wp","href":"https:\/\/api.w.org\/{rel}","templated":true}]}}