{"id":54468,"date":"2022-05-23T00:00:59","date_gmt":"2022-05-23T04:00:59","guid":{"rendered":"https:\/\/www.radioamigavallenar.cl\/?p=54468"},"modified":"2022-05-22T20:54:02","modified_gmt":"2022-05-23T00:54:02","slug":"ministerio-de-las-culturas-abre-convocatoria-destinada-a-apoyar-la-programacion-artistica-y-cultural-en-las-comunas-del-pais","status":"publish","type":"post","link":"https:\/\/www.radioamigavallenar.cl\/?p=54468","title":{"rendered":"Ministerio de las Culturas abre convocatoria destinada a apoyar la programaci\u00f3n art\u00edstica y cultural en las comunas del pa\u00eds"},"content":{"rendered":"<ul>\n<li><strong>Los proyectos postulados a este proceso deben poner en valor contenidos locales y fortalecer la gesti\u00f3n cultural que se desarrolle en infraestructuras culturales, ya sean p\u00fablicas o privadas.<\/strong><\/li>\n<\/ul>\n<p>Hasta el 16 de junio de 2022 estar\u00e1 abierta la\u00a0<strong>Convocatoria para la Gesti\u00f3n Cultural Local<\/strong>\u00a0que el Ministerio de las Culturas, las Artes y el Patrimonio impulsa a trav\u00e9s del programa Red Cultura del Departamento Ciudadan\u00eda Cultural.\u00a0La iniciativa es continuidad de la Convocatoria para el Fortalecimiento de la Planificaci\u00f3n y la Gesti\u00f3n Cultural que se realiza desde el 2016.<\/p>\n<p>El Seremi de las Culturas, las Artes y el Patrimonio, Roberto C\u00f3rdova Gonz\u00e1lez explic\u00f3 que la convocatoria cuenta con un presupuesto estimado en 900 millones de pesos que ser\u00e1n destinados a aumentar la programaci\u00f3n art\u00edstica y apoyar la planificaci\u00f3n cultural en las comunas del pa\u00eds que cuenten con municipio, vinculando a los gobiernos locales y los espacios culturales con el sector art\u00edstico y la comunidad.<\/p>\n<p>\u201cA trav\u00e9s de este proceso, el Ministerio de las Culturas financiar\u00e1 gastos de contrataci\u00f3n de artistas, pagos por derechos de autor y\/o derechos conexos, difusi\u00f3n, gastos relacionados a la transmisi\u00f3n remota, honorarios y fichas t\u00e9cnicas, alojamiento y traslados, y gastos relacionados a la sanitizaci\u00f3n de espacios en el contexto del desarrollo del proyecto\u201d subray\u00f3 el Seremi.<\/p>\n<p><strong>Modalidades de esta convocatoria<\/strong><\/p>\n<p><strong>Modalidad 1. Programaci\u00f3n Cultural para municipalidades, corporaciones culturales municipales y fundaciones culturales municipales.<\/strong><\/p>\n<p>Esta modalidad busca financiar la programaci\u00f3n e instancias de mediaci\u00f3n art\u00edstica de estos espacios culturales. El objetivo es que los espacios puedan fortalecer su gesti\u00f3n a trav\u00e9s de la contrataci\u00f3n de programaci\u00f3n cultural, promoviendo el acceso y la participaci\u00f3n de los p\u00fablicos a sus espacios. La cantidad m\u00e1xima a postular es de 15 millones de pesos. Para esta modalidad se cuenta con un presupuesto total de $660.000.000.<\/p>\n<p>La comuna postulante tendr\u00e1 una mejor evaluaci\u00f3n si cuenta con un Plan Municipal de Cultura (PMC) y \u00e9ste se encuentra actualizado e incorporado al PLADECO. Lo mismo aplicar\u00e1 si se cuenta con un Plan de Gesti\u00f3n vigente.<\/p>\n<p>Asimismo, habr\u00e1 una mejor evaluaci\u00f3n para las postulaciones que consideren, al menos, un 50% de artistas locales; y al menos, un 20% de artistas y\/o agrupaciones art\u00edsticas inscritas en el\u00a0<a href=\"https:\/\/catalogoprogramacion.cultura.gob.cl\/\">Cat\u00e1logo Digital para la Programaci\u00f3n Cultural<\/a> (ver en https:\/\/catalogoprogramacion.cultura.gob.cl\/)<\/p>\n<p><strong>Modalidad 2. Programaci\u00f3n Cultural para proyectos asociativos de Espacios Culturales pertenecientes a la Red de Espacios Culturales Regional.<\/strong><\/p>\n<p>Mediante esta modalidad se busca financiar programaci\u00f3n cultural e instancias de mediaci\u00f3n art\u00edstica cultural de espacios pertenecientes a las redes de espacios culturales regionales articuladas por el programa Red Cultura. El objetivo es que dichos espacios puedan fortalecer su gesti\u00f3n a trav\u00e9s de la contrataci\u00f3n de programaci\u00f3n cultural, promoviendo el acceso y participaci\u00f3n de los p\u00fablicos a sus espacios. Se apunta a potenciar el trabajo articulado y colaborativo entre espacios culturales a nivel regional y local, fortaleciendo las redes de intercambio, co-gesti\u00f3n, colaboraci\u00f3n y apoyo entre \u00e9stos. En este caso, no podr\u00e1n postular espacios culturales de manera independiente. Cada proyecto asociativo podr\u00e1 postular por un monto m\u00e1ximo de $20.000.000. Para esta modalidad se cuenta con un presupuesto total nacional de $240.000.000.<\/p>\n<p><strong>Cofinanciamiento<\/strong><\/p>\n<p>Para ambas modalidades, se deber\u00e1 aportar cofinanciamiento que deber\u00e1 corresponder al 15% del monto solicitado al Ministerio. Podr\u00e1 ser valorado, o en dinero, en el caso de recursos propios. Respecto a recursos aportados por terceros, el cofinanciamiento deber\u00e1 ser \u00fanicamente en dinero.<\/p>\n<p><strong>Duraci\u00f3n y ejecuci\u00f3n de los proyectos<\/strong><\/p>\n<p>Los proyectos deber\u00e1n empezar a ejecutarse el a\u00f1o 2022, implement\u00e1ndolo en un plazo m\u00e1ximo de 10 meses en el caso de la modalidad 1, y 18 meses, en el caso de la modalidad 2, a partir de la fecha de aprobaci\u00f3n administrativa del respectivo Convenio de Ejecuci\u00f3n que se suscribir\u00e1 en caso de ser seleccionado el proyecto.<\/p>\n","protected":false},"excerpt":{"rendered":"<p>Los proyectos postulados a este proceso deben poner en valor contenidos locales y fortalecer la gesti\u00f3n cultural que se desarrolle en infraestructuras culturales, ya sean&hellip; <\/p>\n","protected":false},"author":2,"featured_media":54469,"comment_status":"open","ping_status":"closed","sticky":false,"template":"","format":"standard","meta":{"footnotes":""},"categories":[38],"tags":[],"class_list":["post-54468","post","type-post","status-publish","format-standard","has-post-thumbnail","hentry","category-portada-regional"],"_links":{"self":[{"href":"https:\/\/www.radioamigavallenar.cl\/index.php?rest_route=\/wp\/v2\/posts\/54468","targetHints":{"allow":["GET"]}}],"collection":[{"href":"https:\/\/www.radioamigavallenar.cl\/index.php?rest_route=\/wp\/v2\/posts"}],"about":[{"href":"https:\/\/www.radioamigavallenar.cl\/index.php?rest_route=\/wp\/v2\/types\/post"}],"author":[{"embeddable":true,"href":"https:\/\/www.radioamigavallenar.cl\/index.php?rest_route=\/wp\/v2\/users\/2"}],"replies":[{"embeddable":true,"href":"https:\/\/www.radioamigavallenar.cl\/index.php?rest_route=%2Fwp%2Fv2%2Fcomments&post=54468"}],"version-history":[{"count":1,"href":"https:\/\/www.radioamigavallenar.cl\/index.php?rest_route=\/wp\/v2\/posts\/54468\/revisions"}],"predecessor-version":[{"id":54470,"href":"https:\/\/www.radioamigavallenar.cl\/index.php?rest_route=\/wp\/v2\/posts\/54468\/revisions\/54470"}],"wp:featuredmedia":[{"embeddable":true,"href":"https:\/\/www.radioamigavallenar.cl\/index.php?rest_route=\/wp\/v2\/media\/54469"}],"wp:attachment":[{"href":"https:\/\/www.radioamigavallenar.cl\/index.php?rest_route=%2Fwp%2Fv2%2Fmedia&parent=54468"}],"wp:term":[{"taxonomy":"category","embeddable":true,"href":"https:\/\/www.radioamigavallenar.cl\/index.php?rest_route=%2Fwp%2Fv2%2Fcategories&post=54468"},{"taxonomy":"post_tag","embeddable":true,"href":"https:\/\/www.radioamigavallenar.cl\/index.php?rest_route=%2Fwp%2Fv2%2Ftags&post=54468"}],"curies":[{"name":"wp","href":"https:\/\/api.w.org\/{rel}","templated":true}]}}