{"id":54346,"date":"2022-05-14T06:01:45","date_gmt":"2022-05-14T10:01:45","guid":{"rendered":"https:\/\/www.radioamigavallenar.cl\/?p=54346"},"modified":"2022-05-13T22:12:40","modified_gmt":"2022-05-14T02:12:40","slug":"mop-atacama-instalo-puente-mecano-en-el-sector-de-los-loros-en-freirina","status":"publish","type":"post","link":"https:\/\/www.radioamigavallenar.cl\/?p=54346","title":{"rendered":"MOP Atacama instal\u00f3 Puente Mecano en el sector de los Loros en Freirina"},"content":{"rendered":"<p>Hasta la comuna de Freirina lleg\u00f3 el Seremi Mauricio Guaita Juantok, quien en compa\u00f1\u00eda de su Equipo de la Direcci\u00f3n Regional de Vialidad, el Delegado Presidencial de la Provincia de Huasco, Rodrigo Loyola y el Alcalde de la comuna, C\u00e9sar Orellana, inspeccionaron el t\u00e9rmino de la instalaci\u00f3n del Puente Mecano en el sector de Los Loros, infraestructura largamente esperada que mejorar\u00e1 la calidad de vida de todos los vecinos del sector.<\/p>\n<p>En el lugar, el\u00a0<strong>Seremi MOP<\/strong>,\u00a0<strong>Mauricio Guaita Juantok<\/strong>\u00a0coment\u00f3, \u201c<em>estamos culminando el proceso de instalaci\u00f3n de un puente provisorio que beneficiar\u00e1 a m\u00e1s de 60 familias del sector. Un proyecto anhelado desde hace mucho por los vecinos y dado el tiempo que involucra hacer un proyecto mucho m\u00e1s macro y dado la necesidad de los poblados cercanos por tener un acceso y de flujo vehicular y peatonal, se ha construido este puente mecano como medida de mitigaci\u00f3n, cumpliendo con el desaf\u00edo que nos ha encargado nuestro Presidente Gabriel Boric, de ir acercando a las comunidades y a la gente a los poblados m\u00e1s urbanos, como lo es el caso de Freirina\u201d.<\/em><\/p>\n<p><em>\u00a0\u201cLa concreci\u00f3n de esta obra constituye la soluci\u00f3n a una gran problem\u00e1tica que enfrentaban los vecinos y habitantes en el lugar, \u201cLas obras ejecutadas y el resultado final de ellas sin duda que reflejan la acci\u00f3n coordinada de las autoridades locales, provinciales y regionales, el Gobierno y la comunidad\u201d,<\/em>\u00a0se\u00f1al\u00f3 el\u00a0<strong>Delegado Presidencial de la Provincia de Huasco, Rodrigo Loyola.<\/strong><\/p>\n<p>El\u00a0<strong>Alcalde de Freirina, Cesar Orellana<\/strong>\u00a0indic\u00f3,\u00a0<em>\u201cestamos muy contentos, hemos podido ver que uno de los compromisos que hab\u00eda asumido el Ministerio de Obras P\u00fablicas con los vecinos particularmente del sector los Loros y Punta del Viento de la Comuna de Freirina iban a poder mejorar el acceso hasta este lugar, por eso se instala este puente, que es un puente provisorio, mecano que obviamente viene a mejorar las condiciones que ten\u00edan los vecinos. Hemos podido hoy d\u00eda junto con las autoridades regionales, ver el estado actual del puente artesanal que ten\u00edan los vecinos, por lo tanto vemos con mucha alegr\u00eda como el MOP est\u00e1 cumpliendo en Freirina, con un compromiso muy necesario, tambi\u00e9n por la seguridad que implicaba pasas por este sector, por lo tanto, nosotros ya estamos a la espera del puente definitivo que sabemos que tomar\u00e1 su tiempo, pero este puente provisorio viene a mejorar considerablemente las condiciones de los vecinos\u201d.<\/em><\/p>\n<p>La ejecuci\u00f3n de esta obra tan significativa para la comunidad, estuvo a cargo de la\u00a0<strong>Coordinadora Regional de Puentes de la Direcci\u00f3n de Vialidad del MOP, Catalina Choke<\/strong>, qui\u00e9n explic\u00f3,\u00a0<em>\u201ccoordinamos la instalaci\u00f3n de un puente mecano, debido a la urgencia que ten\u00eda la comunidad por mejorar la conectividad en este sector. El proceso comenz\u00f3 el d\u00eda 20 de abril cuando fuimos a seleccionar los elementos estructurales para poder armar el puente con un equipo t\u00e9cnico especializado que viene del Depto. de Puentes del Nivel Central\u201d.<\/em><\/p>\n<p>Desde la Direcci\u00f3n de Vialidad del MOP se\u00f1alaron que el proceso duro aproximadamente una semana, desde el traslado del puente con todos los elementos necesarios desde el recinto de acopio que queda en Paipote hasta el sector de Los Loros en Freirina. El proceso de armado comenz\u00f3 el d\u00eda mi\u00e9rcoles de la semana pasada y dur\u00f3 hasta el mediod\u00eda del mi\u00e9rcoles 11 de mayo donde se termin\u00f3 con el armado del puente completo y las cu\u00f1as de acceso, por lo que el tr\u00e1nsito ya estar\u00eda habilitado.<\/p>\n<p><em>\u201cLa comunidad est\u00e1 muy contenta ya que era una obra esperada desde hace mucho tiempo y por fin se pudo dar una soluci\u00f3n que si bien no es el proyecto definitivo, prontamente daremos una soluci\u00f3n que ser\u00e1 definitiva<\/em>\u201d finaliz\u00f3 la\u00a0<strong>Choke<\/strong>.<\/p>\n<p>El\u00a0<strong>Encargado de Estructuras Modulares, Carlos Valladares<\/strong>, qui\u00e9n estuvo liderando el equipo humano que lleg\u00f3 hasta la regi\u00f3n para la instalaci\u00f3n del puente explic\u00f3 \u201c<em>dentro de la Direcci\u00f3n Nacional de Vialidad se encuentra el Departamento de Puentes, donde una de sus unidades es el \u00c1rea de Emergencias y el Subdepartamento denominado Unidad de Sondaje, donde se realizan los estudio de suelo, para posteriormente determinar la ubicaci\u00f3n del puente definitivo y el \u00c1rea de Estructuras Modulares (puentes y pasarelas), expertos encargados de la instalaci\u00f3n de Puentes de Arica a Punta Arenas\u201d.<\/em><\/p>\n<p>Sobre los datos t\u00e9cnicos del puente, V<strong>alladares\u00a0<\/strong>indic\u00f3<em>, \u201cestamos hablando de una estructura austriaca con una longitud de 33,50 mt, compuesta por tramos cada uno de ellos mide 3 mts aprox, por lo que son 11 tramos de metal con un peso aproximado de 45 toneladas y un ancho de 4,20 mts\u201d.<\/em><\/p>\n<p>Finalmente,\u00a0<strong>Jessica Nu\u00f1ez, vecina del sector<\/strong>, expres\u00f3\u00a0<em>\u201ces un gran alivio ver el puente listo ya que viene a solucionar un problema para todos quienes transitamos diariamente por el sector, yo paso todos los d\u00edas por ac\u00e1, ya que saco a pasear a mis mascotas. Y con este puente se mejora la seguridad de los peatones, autom\u00f3viles y hasta camiones que pasan, ya que se han originado accidentes por la misma estructura artesanal construida por los vecinos\u201d.<\/em><\/p>\n","protected":false},"excerpt":{"rendered":"<p>Hasta la comuna de Freirina lleg\u00f3 el Seremi Mauricio Guaita Juantok, quien en compa\u00f1\u00eda de su Equipo de la Direcci\u00f3n Regional de Vialidad, el Delegado&hellip; <\/p>\n","protected":false},"author":2,"featured_media":54347,"comment_status":"open","ping_status":"closed","sticky":false,"template":"","format":"standard","meta":{"footnotes":""},"categories":[38],"tags":[],"class_list":["post-54346","post","type-post","status-publish","format-standard","has-post-thumbnail","hentry","category-portada-regional"],"_links":{"self":[{"href":"https:\/\/www.radioamigavallenar.cl\/index.php?rest_route=\/wp\/v2\/posts\/54346","targetHints":{"allow":["GET"]}}],"collection":[{"href":"https:\/\/www.radioamigavallenar.cl\/index.php?rest_route=\/wp\/v2\/posts"}],"about":[{"href":"https:\/\/www.radioamigavallenar.cl\/index.php?rest_route=\/wp\/v2\/types\/post"}],"author":[{"embeddable":true,"href":"https:\/\/www.radioamigavallenar.cl\/index.php?rest_route=\/wp\/v2\/users\/2"}],"replies":[{"embeddable":true,"href":"https:\/\/www.radioamigavallenar.cl\/index.php?rest_route=%2Fwp%2Fv2%2Fcomments&post=54346"}],"version-history":[{"count":1,"href":"https:\/\/www.radioamigavallenar.cl\/index.php?rest_route=\/wp\/v2\/posts\/54346\/revisions"}],"predecessor-version":[{"id":54348,"href":"https:\/\/www.radioamigavallenar.cl\/index.php?rest_route=\/wp\/v2\/posts\/54346\/revisions\/54348"}],"wp:featuredmedia":[{"embeddable":true,"href":"https:\/\/www.radioamigavallenar.cl\/index.php?rest_route=\/wp\/v2\/media\/54347"}],"wp:attachment":[{"href":"https:\/\/www.radioamigavallenar.cl\/index.php?rest_route=%2Fwp%2Fv2%2Fmedia&parent=54346"}],"wp:term":[{"taxonomy":"category","embeddable":true,"href":"https:\/\/www.radioamigavallenar.cl\/index.php?rest_route=%2Fwp%2Fv2%2Fcategories&post=54346"},{"taxonomy":"post_tag","embeddable":true,"href":"https:\/\/www.radioamigavallenar.cl\/index.php?rest_route=%2Fwp%2Fv2%2Ftags&post=54346"}],"curies":[{"name":"wp","href":"https:\/\/api.w.org\/{rel}","templated":true}]}}