{"id":54330,"date":"2022-05-14T06:01:40","date_gmt":"2022-05-14T10:01:40","guid":{"rendered":"https:\/\/www.radioamigavallenar.cl\/?p=54330"},"modified":"2022-05-13T21:30:16","modified_gmt":"2022-05-14T01:30:16","slug":"seremi-de-energia-atacama-destaca-aprobacion-del-proyecto-de-ley-que-permitira-bajar-el-precio-de-la-parafina","status":"publish","type":"post","link":"https:\/\/www.radioamigavallenar.cl\/?p=54330","title":{"rendered":"Seremi de Energ\u00eda Atacama destaca aprobaci\u00f3n del proyecto de ley que permitir\u00e1 bajar el precio de la parafina"},"content":{"rendered":"<p>En la C\u00e1mara de Diputados fue aprobado el proyecto de ley que permitir\u00e1 que se inyecten US$40 millones al Fondo de Estabilizaci\u00f3n de Precios del Petr\u00f3leo (FEPP).<\/p>\n<p>En el marco del Plan Chile Apoya que considera un paquete de medidas energ\u00e9ticas para contener los precios de la electricidad, gas y parafina, el pasado mi\u00e9rcoles 11 de mayo fue aprobado el proyecto de ley que permitir\u00e1 estabilizar los valores de esta \u00faltima. Lo anterior, con el fin de apoyar a la ciudadan\u00eda, especialmente, durante los meses de invierno.<\/p>\n<p>Con 141 votos a favor y 1 abstenci\u00f3n, la iniciativa aprobada inyectar\u00e1 US$40 millones al Fondo de Estabilizaci\u00f3n de precios del Petr\u00f3leo (FEPP). Este incremento de recursos permitir\u00e1 la contenci\u00f3n del alza de la parafina y en lo concreto, estabilizar su valor por litro en torno a los $1.000 pesos aproximadamente.<\/p>\n<p>\u201cEstamos ad portas de iniciar el invierno en donde hay un aumento considerable en el consumo de la parafina para calefacci\u00f3n, por lo que la aprobaci\u00f3n de este proyecto de ley que permitir\u00e1 bajar el precio de este combustible es una muy buena noticia, especialmente pensando en la econom\u00eda familiar\u201d, asegur\u00f3 la seremi de Energ\u00eda de Atacama, Cecilia S\u00e1nchez Valenzuela.<\/p>\n<p>En este mismo sentido, el subsecretario de Energ\u00eda, Julio Maturana Franca, destac\u00f3 que<\/p>\n<p>\u201ccon esta nueva medida ser\u00e1n beneficiados alrededor de un mill\u00f3n de hogares en el pa\u00eds, especialmente en los meses de invierno, donde se utiliza este combustible para calefacci\u00f3n\u201d.<\/p>\n<p>\u201cGracias a esta ley podremos disminuir en m\u00e1s de cien pesos el precio de la parafina por litro y mantener en un nivel estable su precio a lo largo del invierno, lo que sin duda ser\u00e1 muy beneficioso para las familias chilenas\u201d, enfatiz\u00f3 el subsecretario.<\/p>\n<p>El monto del subsidio se relaciona directamente con los precios internacionales del kerosene y del petr\u00f3leo, que han tendido sostenidamente al alza. Solo este a\u00f1o, el kerosene ha registrado un alza acumulada de 70% (35% desde la invasi\u00f3n de Rusia a Ucrania). Debido al efecto de la guerra y las disrupciones de suministro global, se estima que es poco probable que los precios internacionales reviertan las alzas evidenciadas a la fecha en el corto plazo.<\/p>\n<p>Por eso incrementar el tama\u00f1o del Fondo era muy importante. Al 07 de abril de 2022, los recursos disponibles ascend\u00edan a US$4,219 millones de d\u00f3lares. Hoy gracias a esta inyecci\u00f3n de recursos el fondo ser\u00e1 incrementado en 10 veces.<\/p>\n","protected":false},"excerpt":{"rendered":"<p>En la C\u00e1mara de Diputados fue aprobado el proyecto de ley que permitir\u00e1 que se inyecten US$40 millones al Fondo de Estabilizaci\u00f3n de Precios del&hellip; <\/p>\n","protected":false},"author":2,"featured_media":53005,"comment_status":"open","ping_status":"closed","sticky":false,"template":"","format":"standard","meta":{"footnotes":""},"categories":[7],"tags":[],"class_list":["post-54330","post","type-post","status-publish","format-standard","has-post-thumbnail","hentry","category-atacama"],"_links":{"self":[{"href":"https:\/\/www.radioamigavallenar.cl\/index.php?rest_route=\/wp\/v2\/posts\/54330","targetHints":{"allow":["GET"]}}],"collection":[{"href":"https:\/\/www.radioamigavallenar.cl\/index.php?rest_route=\/wp\/v2\/posts"}],"about":[{"href":"https:\/\/www.radioamigavallenar.cl\/index.php?rest_route=\/wp\/v2\/types\/post"}],"author":[{"embeddable":true,"href":"https:\/\/www.radioamigavallenar.cl\/index.php?rest_route=\/wp\/v2\/users\/2"}],"replies":[{"embeddable":true,"href":"https:\/\/www.radioamigavallenar.cl\/index.php?rest_route=%2Fwp%2Fv2%2Fcomments&post=54330"}],"version-history":[{"count":1,"href":"https:\/\/www.radioamigavallenar.cl\/index.php?rest_route=\/wp\/v2\/posts\/54330\/revisions"}],"predecessor-version":[{"id":54331,"href":"https:\/\/www.radioamigavallenar.cl\/index.php?rest_route=\/wp\/v2\/posts\/54330\/revisions\/54331"}],"wp:featuredmedia":[{"embeddable":true,"href":"https:\/\/www.radioamigavallenar.cl\/index.php?rest_route=\/wp\/v2\/media\/53005"}],"wp:attachment":[{"href":"https:\/\/www.radioamigavallenar.cl\/index.php?rest_route=%2Fwp%2Fv2%2Fmedia&parent=54330"}],"wp:term":[{"taxonomy":"category","embeddable":true,"href":"https:\/\/www.radioamigavallenar.cl\/index.php?rest_route=%2Fwp%2Fv2%2Fcategories&post=54330"},{"taxonomy":"post_tag","embeddable":true,"href":"https:\/\/www.radioamigavallenar.cl\/index.php?rest_route=%2Fwp%2Fv2%2Ftags&post=54330"}],"curies":[{"name":"wp","href":"https:\/\/api.w.org\/{rel}","templated":true}]}}