{"id":54324,"date":"2022-05-14T06:00:21","date_gmt":"2022-05-14T10:00:21","guid":{"rendered":"https:\/\/www.radioamigavallenar.cl\/?p=54324"},"modified":"2022-05-13T21:27:41","modified_gmt":"2022-05-14T01:27:41","slug":"seremi-de-mineria-promociona-programa-de-labores-a-las-asociaciones-mineras-de-chanaral","status":"publish","type":"post","link":"https:\/\/www.radioamigavallenar.cl\/?p=54324","title":{"rendered":"Seremi de Miner\u00eda promociona programa de Labores a las asociaciones mineras de Cha\u00f1aral"},"content":{"rendered":"<ul>\n<li><strong><em>Estuvieron presentes dirigentes de organizaci\u00f3n es mineras de Cha\u00f1aral, El Salado, Diego de Almagro e Inca de Oro.\u00a0<\/em><\/strong><\/li>\n<\/ul>\n<p>Junto a la alcaldesa de Cha\u00f1aral Margarita Flores Salazar, el seremi de Miner\u00eda Carlos Ulloa Abarz\u00faa, se reuni\u00f3 con los representantes de las asociaciones mineras y sindicatos de pirquineros de Cha\u00f1aral, El Salado, Diego de Almagro e Inca de Oro en la sede del gremio cha\u00f1aralino.<\/p>\n<p>El di\u00e1logo se realiz\u00f3 en el marco de la difusi\u00f3n del Fondo de Labores 2022 que por esta fecha est\u00e1 convocando a los mineros para que postulen a este recurso aportado por el Fondo Nacional de Desarrollo Regional (FNDR), que aporta el Gobierno Regional con aprobaci\u00f3n de Consejo Regional de Atacama.<\/p>\n<p>\u201cEste fondo de Labores mineras va en directo beneficio de los peque\u00f1os productores y consiste en un subsidio para avanzar metros de socav\u00f3n, con la finalidad de acerca a los mineros a la veta de mineral. Este a\u00f1o se entregar\u00e1n estos montos a cerca de 70 productores mineros\u201d, afirm\u00f3 Carlos Ulloa<\/p>\n<p><strong>Alcaldesa de Cha\u00f1aral y dirigentes mineros\u00a0<\/strong><\/p>\n<p>Por su parte la alcaldesa Margarita Flores, afirm\u00f3 que \u201ctuve el gusto de conocerlo, lo que pude escuchar hasta el minuto muy productivo de verdad. Yo tengo conocimiento minero, pero no lo ten\u00eda tanto como me voy empapada ahora, obviamente que dentro de las posibilidades de seremi hay mucho compromiso de continuar algunos proyectos que est\u00e1n pendiente de las administraciones anteriores. As\u00ed que me voy con el compromiso tambi\u00e9n de hacer algo a trav\u00e9s de lo que a m\u00ed me compete como alcaldesa en la comuna y en realidad c\u00f3mo le digo yo creo que este es un tema que desde su g\u00e9nesis como peque\u00f1a miner\u00eda ha estado marcando el paso en muchas situaciones\u201d.<\/p>\n<p>Patricio Ossand\u00f3n, presidente de la Asociaci\u00f3n Minera de Cha\u00f1aral dijo que \u201cse agradece el Seremi haya venido ac\u00e1 a la provincia y est\u00e1 bueno que se junte con nosotros para ver el tema que nos puede apoyar a la peque\u00f1a miner\u00eda que hoy en d\u00eda estaban pasando por un momento dif\u00edcil\u201d.<\/p>\n<p>Lorenzo Montalb\u00e1n presidente de la asociaci\u00f3n minera de Diego de Almagro, junto con agradecer la visita del seremi dijo que \u201cluchamos nosotros para nuestros mineros, los que nos entregan las herramientas son ellos aqu\u00ed se lleva a cabo lo que lo que se va a entregar, lo que se va a hacer y lo que nosotros le vamos a entregar a nuestros mineros\u201d.<\/p>\n<p><strong>Fondo de Labores\u00a0<\/strong><\/p>\n<p>Finalmente, el seremi record\u00f3 a los presentes que los mineros pueden postular hasta el 20 de mayo y las consultas pueden realizarse en Copiap\u00f3: Chacabuco 546, Edificio Copayapu, Oficina 31, Piso Tercero; Cha\u00f1aral en la Asociaci\u00f3n Minera de Cha\u00f1aral, Comercio 270; Vallenar en la Asociaci\u00f3n Minera de Vallenar, Algarrobilla 793, Quinta Valle. o a trav\u00e9s del correo electr\u00f3nico institucional <a href=\"mailto:labores@minmineria.cl\">labores@minmineria.cl<\/a>.<\/p>\n","protected":false},"excerpt":{"rendered":"<p>Estuvieron presentes dirigentes de organizaci\u00f3n es mineras de Cha\u00f1aral, El Salado, Diego de Almagro e Inca de Oro.\u00a0 Junto a la alcaldesa de Cha\u00f1aral Margarita&hellip; <\/p>\n","protected":false},"author":2,"featured_media":54325,"comment_status":"open","ping_status":"closed","sticky":false,"template":"","format":"standard","meta":{"footnotes":""},"categories":[7],"tags":[],"class_list":["post-54324","post","type-post","status-publish","format-standard","has-post-thumbnail","hentry","category-atacama"],"_links":{"self":[{"href":"https:\/\/www.radioamigavallenar.cl\/index.php?rest_route=\/wp\/v2\/posts\/54324","targetHints":{"allow":["GET"]}}],"collection":[{"href":"https:\/\/www.radioamigavallenar.cl\/index.php?rest_route=\/wp\/v2\/posts"}],"about":[{"href":"https:\/\/www.radioamigavallenar.cl\/index.php?rest_route=\/wp\/v2\/types\/post"}],"author":[{"embeddable":true,"href":"https:\/\/www.radioamigavallenar.cl\/index.php?rest_route=\/wp\/v2\/users\/2"}],"replies":[{"embeddable":true,"href":"https:\/\/www.radioamigavallenar.cl\/index.php?rest_route=%2Fwp%2Fv2%2Fcomments&post=54324"}],"version-history":[{"count":1,"href":"https:\/\/www.radioamigavallenar.cl\/index.php?rest_route=\/wp\/v2\/posts\/54324\/revisions"}],"predecessor-version":[{"id":54326,"href":"https:\/\/www.radioamigavallenar.cl\/index.php?rest_route=\/wp\/v2\/posts\/54324\/revisions\/54326"}],"wp:featuredmedia":[{"embeddable":true,"href":"https:\/\/www.radioamigavallenar.cl\/index.php?rest_route=\/wp\/v2\/media\/54325"}],"wp:attachment":[{"href":"https:\/\/www.radioamigavallenar.cl\/index.php?rest_route=%2Fwp%2Fv2%2Fmedia&parent=54324"}],"wp:term":[{"taxonomy":"category","embeddable":true,"href":"https:\/\/www.radioamigavallenar.cl\/index.php?rest_route=%2Fwp%2Fv2%2Fcategories&post=54324"},{"taxonomy":"post_tag","embeddable":true,"href":"https:\/\/www.radioamigavallenar.cl\/index.php?rest_route=%2Fwp%2Fv2%2Ftags&post=54324"}],"curies":[{"name":"wp","href":"https:\/\/api.w.org\/{rel}","templated":true}]}}