{"id":54319,"date":"2022-05-14T06:00:12","date_gmt":"2022-05-14T10:00:12","guid":{"rendered":"https:\/\/www.radioamigavallenar.cl\/?p=54319"},"modified":"2022-05-13T21:23:00","modified_gmt":"2022-05-14T01:23:00","slug":"fiscalia-obtuvo-prision-preventiva-de-conductor-protagonista-de-grave-accidente-en-chanaral","status":"publish","type":"post","link":"https:\/\/www.radioamigavallenar.cl\/?p=54319","title":{"rendered":"Fiscal\u00eda obtuvo prisi\u00f3n preventiva de conductor protagonista de grave accidente en Cha\u00f1aral"},"content":{"rendered":"<p>De acuerdo a los antecedentes reunidos por el fiscal jefe de esta ciudad, Marco Arenas Zeballos, el imputado condujo camioneta en estado de ebriedad para luego colisionar en contra de un veh\u00edculo en el que viajaba un grupo familiar.<span id=\"more-307616\"><\/span><\/p>\n<p>&nbsp;<\/p>\n<p>La Fiscal\u00eda de Atacama formaliz\u00f3 este viernes la investigaci\u00f3n en contra del conductor de una camioneta que la noche del pasado lunes protagoniz\u00f3 un grave accidente en las cercan\u00edas de Cha\u00f1aral. Siniestro que dej\u00f3 como consecuencia dos personas heridas de gravedad, una de ellas con riesgo vital.<\/p>\n<p>La investigaci\u00f3n de esta causa est\u00e1 a cargo del fiscal jefe de esta comuna, Marco Arenas Zeballos, quien argument\u00f3 que de acuerdo a los peritajes desarrollados se pudo establecer que alrededor de las 21:30 horas el imputado, de profesi\u00f3n prevencionista de riesgos, conduc\u00eda el veh\u00edculo en manifiesto estado de ebriedad y a exceso de velocidad en direcci\u00f3n al sur por el sector de la cuesta Portezuelo Blanco, ocasi\u00f3n a que debido a su estado cruz\u00f3 el eje central de la calzada impactando a un veh\u00edculo que circulaba en direcci\u00f3n contraria y en el que viajaba en grupo familiar y que termin\u00f3 volcado a un costado de la carretera.<\/p>\n<p>\u201cComo consecuencia de este hecho los cinco ocupantes del auto afectado resultaron lesionados, siendo el conductor y su hija de 15 a\u00f1os los m\u00e1s graves debiendo ser trasladados hasta el Hospital Regional de Copiap\u00f3. Recinto asistencial donde adolescente se mantiene con riesgo vital\u201d, indic\u00f3 Arenas.<\/p>\n<p>De acuerdo a los argumentos del fiscal, luego del accidente el imputado baj\u00f3 de la camioneta y se coloc\u00f3 un poler\u00f3n para luego recoger desde el interior de su veh\u00edculo dos botellas de cervezas y se dio a la fuga del lugar, intern\u00e1ndose en el desierto alrededor de 180 metros del lugar del accidente. Manteni\u00e9ndose escondido en el lugar hasta alrededor de la medianoche, siendo ubicado y detenido por personal de Carabineros.<\/p>\n<p>Por estos hechos, la Fiscal\u00eda formaliz\u00f3 al imputado por su responsabilidad en tres delitos. El primero de ellos la conducci\u00f3n en estado de ebriedad con resultado de lesiones graves grav\u00edsimas, dos lesiones graves y lesiones leves. Adem\u00e1s, el il\u00edcito de incumplimiento de la obligaci\u00f3n de detenerse, prestar ayuda posible y dar cuenta a la autoridad; y tercero, negativa injustificada a someterse a pruebas cient\u00edficas destinadas a establecer la presencia de alcohol en el cuerpo.<\/p>\n<p>De esta manera y debido a la gravedad de sus consecuencias, el fiscal Marco Arenas solicit\u00f3 en contra del conductor la medida cautelar de prisi\u00f3n preventiva por considerarlo un peligro para la seguridad de la sociedad. Petici\u00f3n que fue acogida por la Jueza de turno, quien decret\u00f3 su ingreso al centro penitenciario de Copiap\u00f3.<\/p>\n","protected":false},"excerpt":{"rendered":"<p>De acuerdo a los antecedentes reunidos por el fiscal jefe de esta ciudad, Marco Arenas Zeballos, el imputado condujo camioneta en estado de ebriedad para&hellip; <\/p>\n","protected":false},"author":2,"featured_media":26753,"comment_status":"open","ping_status":"closed","sticky":false,"template":"","format":"standard","meta":{"footnotes":""},"categories":[7],"tags":[],"class_list":["post-54319","post","type-post","status-publish","format-standard","has-post-thumbnail","hentry","category-atacama"],"_links":{"self":[{"href":"https:\/\/www.radioamigavallenar.cl\/index.php?rest_route=\/wp\/v2\/posts\/54319","targetHints":{"allow":["GET"]}}],"collection":[{"href":"https:\/\/www.radioamigavallenar.cl\/index.php?rest_route=\/wp\/v2\/posts"}],"about":[{"href":"https:\/\/www.radioamigavallenar.cl\/index.php?rest_route=\/wp\/v2\/types\/post"}],"author":[{"embeddable":true,"href":"https:\/\/www.radioamigavallenar.cl\/index.php?rest_route=\/wp\/v2\/users\/2"}],"replies":[{"embeddable":true,"href":"https:\/\/www.radioamigavallenar.cl\/index.php?rest_route=%2Fwp%2Fv2%2Fcomments&post=54319"}],"version-history":[{"count":1,"href":"https:\/\/www.radioamigavallenar.cl\/index.php?rest_route=\/wp\/v2\/posts\/54319\/revisions"}],"predecessor-version":[{"id":54320,"href":"https:\/\/www.radioamigavallenar.cl\/index.php?rest_route=\/wp\/v2\/posts\/54319\/revisions\/54320"}],"wp:featuredmedia":[{"embeddable":true,"href":"https:\/\/www.radioamigavallenar.cl\/index.php?rest_route=\/wp\/v2\/media\/26753"}],"wp:attachment":[{"href":"https:\/\/www.radioamigavallenar.cl\/index.php?rest_route=%2Fwp%2Fv2%2Fmedia&parent=54319"}],"wp:term":[{"taxonomy":"category","embeddable":true,"href":"https:\/\/www.radioamigavallenar.cl\/index.php?rest_route=%2Fwp%2Fv2%2Fcategories&post=54319"},{"taxonomy":"post_tag","embeddable":true,"href":"https:\/\/www.radioamigavallenar.cl\/index.php?rest_route=%2Fwp%2Fv2%2Ftags&post=54319"}],"curies":[{"name":"wp","href":"https:\/\/api.w.org\/{rel}","templated":true}]}}