{"id":54307,"date":"2022-05-13T11:32:45","date_gmt":"2022-05-13T15:32:45","guid":{"rendered":"https:\/\/www.radioamigavallenar.cl\/?p=54307"},"modified":"2022-05-13T11:32:45","modified_gmt":"2022-05-13T15:32:45","slug":"alcalde-armando-flores-junto-a-comunidad-de-incahuasi-avanzan-en-los-desafios-del-territorio","status":"publish","type":"post","link":"https:\/\/www.radioamigavallenar.cl\/?p=54307","title":{"rendered":"Alcalde Armando Flores junto a comunidad de Incahuasi avanzan en los desaf\u00edos del territorio."},"content":{"rendered":"<p>Una fruct\u00edfera reuni\u00f3n en la que se abordaron diversas tem\u00e1ticas fue la desarrollada en la localidad rural de Incahuasi, en donde particip\u00f3 nuestro alcalde, Armando Flores, en conjunto con el equipo municipal, adem\u00e1s de gran parte de la comunidad y representantes de la empresa CMP.<\/p>\n<p>En primera instancia se expuso la situaci\u00f3n de la construcci\u00f3n de la planta de tratamiento y la titularidad del terreno en donde est\u00e1 emplazada, tema que tras muchos a\u00f1os de espera se pudo resolver contando hoy en d\u00eda con la resoluci\u00f3n que permite tener en comodato este terreno, acci\u00f3n que se concret\u00f3 gracias al apoyo de la empresa CMP.<\/p>\n<p>Por otra parte y en el \u00e1rea de la salud, los vecinos expresaron su compromiso de vacunarse por lo que se gestionar\u00e1n acciones para que la poblaci\u00f3n pueda acceder de forma m\u00e1s cercana.<\/p>\n<p>Finalmente, la complejidad que viven estas comunidades respecto del tema h\u00eddrico requiere mayor cohesi\u00f3n, por lo que la primera autoridad comunal destac\u00f3 el compromiso y disposici\u00f3n de la comunidad y empresa privada para buscar alternativas de como disponer los recursos hidricos, en donde el municipio entreg\u00f3 en la oportunidad el comodato del cami\u00f3n Aljibe al APR.<\/p>\n","protected":false},"excerpt":{"rendered":"<p>Una fruct\u00edfera reuni\u00f3n en la que se abordaron diversas tem\u00e1ticas fue la desarrollada en la localidad rural de Incahuasi, en donde particip\u00f3 nuestro alcalde, Armando&hellip; <\/p>\n","protected":false},"author":2,"featured_media":54308,"comment_status":"open","ping_status":"closed","sticky":false,"template":"","format":"standard","meta":{"footnotes":""},"categories":[7],"tags":[],"class_list":["post-54307","post","type-post","status-publish","format-standard","has-post-thumbnail","hentry","category-atacama"],"_links":{"self":[{"href":"https:\/\/www.radioamigavallenar.cl\/index.php?rest_route=\/wp\/v2\/posts\/54307","targetHints":{"allow":["GET"]}}],"collection":[{"href":"https:\/\/www.radioamigavallenar.cl\/index.php?rest_route=\/wp\/v2\/posts"}],"about":[{"href":"https:\/\/www.radioamigavallenar.cl\/index.php?rest_route=\/wp\/v2\/types\/post"}],"author":[{"embeddable":true,"href":"https:\/\/www.radioamigavallenar.cl\/index.php?rest_route=\/wp\/v2\/users\/2"}],"replies":[{"embeddable":true,"href":"https:\/\/www.radioamigavallenar.cl\/index.php?rest_route=%2Fwp%2Fv2%2Fcomments&post=54307"}],"version-history":[{"count":1,"href":"https:\/\/www.radioamigavallenar.cl\/index.php?rest_route=\/wp\/v2\/posts\/54307\/revisions"}],"predecessor-version":[{"id":54309,"href":"https:\/\/www.radioamigavallenar.cl\/index.php?rest_route=\/wp\/v2\/posts\/54307\/revisions\/54309"}],"wp:featuredmedia":[{"embeddable":true,"href":"https:\/\/www.radioamigavallenar.cl\/index.php?rest_route=\/wp\/v2\/media\/54308"}],"wp:attachment":[{"href":"https:\/\/www.radioamigavallenar.cl\/index.php?rest_route=%2Fwp%2Fv2%2Fmedia&parent=54307"}],"wp:term":[{"taxonomy":"category","embeddable":true,"href":"https:\/\/www.radioamigavallenar.cl\/index.php?rest_route=%2Fwp%2Fv2%2Fcategories&post=54307"},{"taxonomy":"post_tag","embeddable":true,"href":"https:\/\/www.radioamigavallenar.cl\/index.php?rest_route=%2Fwp%2Fv2%2Ftags&post=54307"}],"curies":[{"name":"wp","href":"https:\/\/api.w.org\/{rel}","templated":true}]}}