{"id":543,"date":"2016-05-16T13:48:09","date_gmt":"2016-05-16T16:48:09","guid":{"rendered":"http:\/\/www.radioamigavallenar.cl\/?p=543"},"modified":"2016-05-16T13:48:09","modified_gmt":"2016-05-16T16:48:09","slug":"audio-denuncio-seguro-el-anonimato-esta-garantizado","status":"publish","type":"post","link":"https:\/\/www.radioamigavallenar.cl\/?p=543","title":{"rendered":"(AUDIO) Denuncio Seguro: el anonimato est\u00e1 garantizado"},"content":{"rendered":"<p style=\"text-align: justify;\"><a href=\"http:\/\/www.radioamigavallenar.cl\/wp-content\/uploads\/2016\/05\/Intendente-Denuncia-Seguro-1.jpg\"><img loading=\"lazy\" decoding=\"async\" class=\" size-medium wp-image-546 aligncenter\" src=\"http:\/\/www.radioamigavallenar.cl\/wp-content\/uploads\/2016\/05\/Intendente-Denuncia-Seguro-1-300x211.jpg\" alt=\"Intendente Denuncia Seguro 1\" width=\"300\" height=\"211\" srcset=\"https:\/\/www.radioamigavallenar.cl\/wp-content\/uploads\/2016\/05\/Intendente-Denuncia-Seguro-1-300x211.jpg 300w, https:\/\/www.radioamigavallenar.cl\/wp-content\/uploads\/2016\/05\/Intendente-Denuncia-Seguro-1.jpg 700w\" sizes=\"auto, (max-width: 300px) 100vw, 300px\" \/><\/a><\/p>\n<p style=\"text-align: justify;\">Un 23% aumentaron las llamadas al fono 600 400 0101 Denuncia Seguro este primer trimestre con respecto al mismo periodo del a\u00f1o anterior en Atacama, pasando de 37 a 45 llamadas, de las cuales un 83% son denuncias por microtr\u00e1fico de drogas en los barrios de la regi\u00f3n.<\/p>\n<p style=\"text-align: justify;\">El Intendente Miguel Vargas destac\u00f3 los resultados obtenidos gracias al aporte de la comunidad,\u00a0 y pidi\u00f3 seguir utilizando el fono Denuncia Seguro, confiando en el anonimato garantizado que ofrece el sistema. \u201cEl fono 600 400 0101 Denuncia Seguro es muy importante, ya que garantiza anonimato, lo que es muy importante para que las personas no tengan temor de denunciar\u201d.<\/p>\n<audio class=\"wp-audio-shortcode\" id=\"audio-543-1\" preload=\"none\" style=\"width: 100%;\" controls=\"controls\"><source type=\"audio\/mpeg\" src=\"http:\/\/www.radioamigavallenar.cl\/wp-content\/uploads\/2016\/05\/02.-Intendente-Vargas.mp3?_=1\" \/><a href=\"http:\/\/www.radioamigavallenar.cl\/wp-content\/uploads\/2016\/05\/02.-Intendente-Vargas.mp3\">http:\/\/www.radioamigavallenar.cl\/wp-content\/uploads\/2016\/05\/02.-Intendente-Vargas.mp3<\/a><\/audio>\n<p style=\"text-align: justify;\">\u201cEl fono Denuncia Seguro adem\u00e1s garantiza que la denuncia se investigue por parte de Carabineros, la PDI, o el Ministerio P\u00fablico, y que esa denuncia termine en una sanci\u00f3n, que es lo que esperan las personas y las familias en nuestras poblaciones, en nuestras ciudades. Si no hay denuncias, no se conocen los delitos, y por tanto, tenemos que ayudar a que las decisiones, por ejemplo de aumentar la dotaci\u00f3n policial, tambi\u00e9n nos favorezcan como regi\u00f3n a trav\u00e9s de las denuncias que hacemos\u201d, explic\u00f3 el Intendente de Atacama.<\/p>\n<p style=\"text-align: justify;\">Por su parte, el coordinador regional de Prevenci\u00f3n del Delito, Carlos Olivares R\u00edos, explic\u00f3 que al llamar al Denuncia Seguro, la informaci\u00f3n ser\u00e1 recepcionada en un centro de llamados, donde no se consultan antecedentes personales, ni hay visor de llamados, ni ning\u00fan sistema que permita identificar al denunciante. \u201cUna vez hecha esta denuncia an\u00f3nima, se sistematiza la informaci\u00f3n, y si los datos son \u00fatiles, es la Subsecretar\u00eda de Prevenci\u00f3n del Delito la que denuncia el hecho ante el Ministerio P\u00fablico y las polic\u00edas, participando del proceso posterior en tribunales\u201d.<\/p>\n<audio class=\"wp-audio-shortcode\" id=\"audio-543-2\" preload=\"none\" style=\"width: 100%;\" controls=\"controls\"><source type=\"audio\/mpeg\" src=\"http:\/\/www.radioamigavallenar.cl\/wp-content\/uploads\/2016\/05\/01.-Carlos-Olivares.mp3?_=2\" \/><a href=\"http:\/\/www.radioamigavallenar.cl\/wp-content\/uploads\/2016\/05\/01.-Carlos-Olivares.mp3\">http:\/\/www.radioamigavallenar.cl\/wp-content\/uploads\/2016\/05\/01.-Carlos-Olivares.mp3<\/a><\/audio>\n<p style=\"text-align: justify;\"><strong>RESULTADOS<\/strong><\/p>\n<p style=\"text-align: justify;\">Antes de dar a conocer los resultados, ambas autoridades destacaron que gracias a los antecedentes aportados por la comunidad, en Atacama se ha desbaratado laboratorios clandestinos de producci\u00f3n y venta de drogas, se ha desarticulado bandas de delincuentes dedicadas a este il\u00edcito y a robos de viviendas y reducci\u00f3n de especies, y adem\u00e1s, en el \u00faltimo tiempo se ha podido ayudar a mujeres, ni\u00f1os y ni\u00f1as, y adultos mayores, v\u00edctimas de la violencia intrafamiliar.<\/p>\n<p style=\"text-align: justify;\">Aparte del aumento del aumento en un 23% en los llamados en el primer trimestre del 2016, las autoridades comentaron que un 78% de los antecedentes recepcionados desde Atacama han permitido generar detenciones y procesos judiciales contra los delincuentes.<\/p>\n<p style=\"text-align: justify;\">Al 83% de llamadas por microtr\u00e1fico de drogas, se suma en la regi\u00f3n un 6% de denuncias por robos a la propiedad y reducci\u00f3n de especies, un 6% de llamadas para denunciar Violencia Intrafamiliar, y un 3% por tenencia de armas.<\/p>\n<p style=\"text-align: justify;\">Se ha logrado condenas contra 16 delincuentes, los cuales han cometido il\u00edcitos por tr\u00e1fico y microtr\u00e1fico de drogas, tenencia de armas, robos en viviendas y reducci\u00f3n de especies, adem\u00e1s de una condena por el delito de violaci\u00f3n contra una menor de edad.<\/p>\n<p style=\"text-align: justify;\">\n","protected":false},"excerpt":{"rendered":"<p>Un 23% aumentaron las llamadas al fono 600 400 0101 Denuncia Seguro este primer trimestre con respecto al mismo periodo del a\u00f1o anterior en Atacama,&hellip; <\/p>\n","protected":false},"author":2,"featured_media":546,"comment_status":"open","ping_status":"closed","sticky":false,"template":"","format":"standard","meta":{"footnotes":""},"categories":[7,6],"tags":[],"class_list":["post-543","post","type-post","status-publish","format-standard","has-post-thumbnail","hentry","category-atacama","category-policial"],"_links":{"self":[{"href":"https:\/\/www.radioamigavallenar.cl\/index.php?rest_route=\/wp\/v2\/posts\/543","targetHints":{"allow":["GET"]}}],"collection":[{"href":"https:\/\/www.radioamigavallenar.cl\/index.php?rest_route=\/wp\/v2\/posts"}],"about":[{"href":"https:\/\/www.radioamigavallenar.cl\/index.php?rest_route=\/wp\/v2\/types\/post"}],"author":[{"embeddable":true,"href":"https:\/\/www.radioamigavallenar.cl\/index.php?rest_route=\/wp\/v2\/users\/2"}],"replies":[{"embeddable":true,"href":"https:\/\/www.radioamigavallenar.cl\/index.php?rest_route=%2Fwp%2Fv2%2Fcomments&post=543"}],"version-history":[{"count":0,"href":"https:\/\/www.radioamigavallenar.cl\/index.php?rest_route=\/wp\/v2\/posts\/543\/revisions"}],"wp:featuredmedia":[{"embeddable":true,"href":"https:\/\/www.radioamigavallenar.cl\/index.php?rest_route=\/wp\/v2\/media\/546"}],"wp:attachment":[{"href":"https:\/\/www.radioamigavallenar.cl\/index.php?rest_route=%2Fwp%2Fv2%2Fmedia&parent=543"}],"wp:term":[{"taxonomy":"category","embeddable":true,"href":"https:\/\/www.radioamigavallenar.cl\/index.php?rest_route=%2Fwp%2Fv2%2Fcategories&post=543"},{"taxonomy":"post_tag","embeddable":true,"href":"https:\/\/www.radioamigavallenar.cl\/index.php?rest_route=%2Fwp%2Fv2%2Ftags&post=543"}],"curies":[{"name":"wp","href":"https:\/\/api.w.org\/{rel}","templated":true}]}}