{"id":54287,"date":"2022-05-13T06:00:01","date_gmt":"2022-05-13T10:00:01","guid":{"rendered":"https:\/\/www.radioamigavallenar.cl\/?p=54287"},"modified":"2022-05-12T22:08:45","modified_gmt":"2022-05-13T02:08:45","slug":"diputada-sofia-cid-nuevamente-un-ministro-del-presidente-boric-cometiendo-errores","status":"publish","type":"post","link":"https:\/\/www.radioamigavallenar.cl\/?p=54287","title":{"rendered":"Diputada Sof\u00eda Cid: \u201cNuevamente un Ministro del presidente Boric cometiendo errores\u00bb."},"content":{"rendered":"<p>La diputada Sof\u00eda Cid calific\u00f3 como impresentable que los ministros de Boric sigan cometiendo ese tipo de errores. Esto debido al anuncio de la Ministra de Relaciones Exteriores, Antonia Urrejola, de realizar una consulta ciudadana sobre la pol\u00edtica de comercio exterior del pa\u00eds, medida que desconoc\u00eda el Ministro de Hacienda Mario Marcel\u201d.<\/p>\n<p>\u201cChile es uno de los pa\u00edses del mundo con m\u00e1s tratados de libre comercio, y que ha permitido realizar exportaciones de nuestros productos al resto del mundo, y poder importar con bajos aranceles\u201d indic\u00f3 la diputada. Informaci\u00f3n corroborada por la OCDE, donde se\u00f1ala que Chile posee la red de Tratados de Libre Comercio m\u00e1s poderosa del mundo, con acceso a m\u00e1s del 60% del PIB mundial.<\/p>\n<p>Seg\u00fan la diputada, \u201cesta propuesta de consulta ciudadana llama la atenci\u00f3n, dado que por Ley esta establecido que los Tratados de Libre Comercio se ven en el Congreso\u201d.<br \/>\nPor otro lado, la parlamentaria indic\u00f3 que \u201ces preocupante que el Ministro de Hacienda no conociera la medida, y que se diga que es una medida interna del Ministerio de Relaciones Exteriores, ya que este tipo de decisiones afectan directamente la econom\u00eda del pa\u00eds. Yo creo que estos temas importantes, que adem\u00e1s generan incertidumbre frente a la gente que desea invertir en Chile, ya sea importando o exportando productos, puede complicar nuestra econom\u00eda. Son declaraciones complejas. Siento que este es un nuevo error de los ministros de Boric con falta de experiencia. Hemos visto como se han equivocado varios, y esto la verdad que es realmente complejo\u201d.<\/p>\n<p>Seg\u00fan palabras de Sof\u00eda Cid \u201cestos errores generan incertidumbre en la econom\u00eda de nuestro pa\u00eds. Tambi\u00e9n deja mal a los ministros frente a la ciudadan\u00eda. Estamos viviendo momentos dif\u00edciles, con un presidente que ha bajado mucho la\u00a0aprobaci\u00f3n, y ha aumentado su rechazo. Estos errores de su equipo por supuesto le van a generar problemas\u201d.<\/p>\n<p>Seg\u00fan la ministra de Relaciones Exteriores, Antonia Urrejola, la consulta no es vinculante, lo que en palabras de la diputada Cid \u201cgenera expectativas en las personas consultadas. Adem\u00e1s, destruye la reputaci\u00f3n nacional en mercados internacionales, y pone en duda la seriedad nacional frente a inversionistas extranjeros\u201d.<\/p>\n","protected":false},"excerpt":{"rendered":"<p>La diputada Sof\u00eda Cid calific\u00f3 como impresentable que los ministros de Boric sigan cometiendo ese tipo de errores. Esto debido al anuncio de la Ministra&hellip; <\/p>\n","protected":false},"author":2,"featured_media":51746,"comment_status":"open","ping_status":"closed","sticky":false,"template":"","format":"standard","meta":{"footnotes":""},"categories":[7],"tags":[],"class_list":["post-54287","post","type-post","status-publish","format-standard","has-post-thumbnail","hentry","category-atacama"],"_links":{"self":[{"href":"https:\/\/www.radioamigavallenar.cl\/index.php?rest_route=\/wp\/v2\/posts\/54287","targetHints":{"allow":["GET"]}}],"collection":[{"href":"https:\/\/www.radioamigavallenar.cl\/index.php?rest_route=\/wp\/v2\/posts"}],"about":[{"href":"https:\/\/www.radioamigavallenar.cl\/index.php?rest_route=\/wp\/v2\/types\/post"}],"author":[{"embeddable":true,"href":"https:\/\/www.radioamigavallenar.cl\/index.php?rest_route=\/wp\/v2\/users\/2"}],"replies":[{"embeddable":true,"href":"https:\/\/www.radioamigavallenar.cl\/index.php?rest_route=%2Fwp%2Fv2%2Fcomments&post=54287"}],"version-history":[{"count":1,"href":"https:\/\/www.radioamigavallenar.cl\/index.php?rest_route=\/wp\/v2\/posts\/54287\/revisions"}],"predecessor-version":[{"id":54288,"href":"https:\/\/www.radioamigavallenar.cl\/index.php?rest_route=\/wp\/v2\/posts\/54287\/revisions\/54288"}],"wp:featuredmedia":[{"embeddable":true,"href":"https:\/\/www.radioamigavallenar.cl\/index.php?rest_route=\/wp\/v2\/media\/51746"}],"wp:attachment":[{"href":"https:\/\/www.radioamigavallenar.cl\/index.php?rest_route=%2Fwp%2Fv2%2Fmedia&parent=54287"}],"wp:term":[{"taxonomy":"category","embeddable":true,"href":"https:\/\/www.radioamigavallenar.cl\/index.php?rest_route=%2Fwp%2Fv2%2Fcategories&post=54287"},{"taxonomy":"post_tag","embeddable":true,"href":"https:\/\/www.radioamigavallenar.cl\/index.php?rest_route=%2Fwp%2Fv2%2Ftags&post=54287"}],"curies":[{"name":"wp","href":"https:\/\/api.w.org\/{rel}","templated":true}]}}