{"id":54281,"date":"2022-05-13T06:00:13","date_gmt":"2022-05-13T10:00:13","guid":{"rendered":"https:\/\/www.radioamigavallenar.cl\/?p=54281"},"modified":"2022-05-12T22:04:43","modified_gmt":"2022-05-13T02:04:43","slug":"proyecto-de-fomento-productivo-permitira-cosechar-mas-de-400-mil-ostiones-adultos-en-bahia-inglesa","status":"publish","type":"post","link":"https:\/\/www.radioamigavallenar.cl\/?p=54281","title":{"rendered":"Proyecto de fomento productivo permitir\u00e1 cosechar m\u00e1s de 400 mil ostiones adultos en Bah\u00eda Inglesa"},"content":{"rendered":"<p>En sus dos concesiones de acuicultura ubicadas en Bah\u00eda Inglesa, el Sindicato de Buzos Mariscadores y Recolectores de Orilla SIBUCAL de Caldera, realiz\u00f3 el proceso de siembra de semillas de osti\u00f3n correspondientes a su programa de producci\u00f3n para el a\u00f1o 2022.<\/p>\n<p>El proyecto contempla el dise\u00f1o del plan de producci\u00f3n, la mano de obra, la reparaci\u00f3n de sistemas de cultivo y la compra de semillas, esper\u00e1ndose que al cabo de 18 meses se desarrollen aproximadamente 420 mil ostiones adultos para cosechar.<\/p>\n<p>En nombre de los integrantes del sindicato, Humberto Gonz\u00e1lez, agradeci\u00f3 el aporte y manifest\u00f3 que \u201csin el apoyo de Candelaria nosotros no podr\u00edamos comprar las semillas ni financiar este proyecto. Candelaria nos ha permitido progresar y mejorar si mantenemos este camino. Gracias a la empresa que nos ayud\u00f3 podemos vivir m\u00e1s tranquilos\u201d.<\/p>\n<p>Este proyecto en particular busca que se genere continuidad en el proceso de siembra, cosecha y comercializaci\u00f3n del osti\u00f3n, para tener un ciclo productivo sostenible que permita a los socios del sindicato estabilidad en el negocio para tener un flujo permanente de recursos.<\/p>\n<p>La iniciativa se enmarca en el Programa de Apoyo a la Pesca Artesanal Sustentable de Minera Candelaria, ejecutado por la Corporaci\u00f3n Sim\u00f3n de Cirene, que tiene como objetivo promover el desarrollo econ\u00f3mico sustentable de la pesca artesanal, a trav\u00e9s del fortalecimiento productivo-organizacional de las agrupaciones de pescadores, buzos mariscadores y recolectores de orilla de Caldera.<\/p>\n<p>&nbsp;<\/p>\n<p>Cabe mencionar que la semilla de osti\u00f3n es producida en Caldera, en el laboratorio del Centro de Investigaciones Costeras de la Universidad de Atacama, lo que asegura un producto seleccionado y de buena calidad.<\/p>\n","protected":false},"excerpt":{"rendered":"<p>En sus dos concesiones de acuicultura ubicadas en Bah\u00eda Inglesa, el Sindicato de Buzos Mariscadores y Recolectores de Orilla SIBUCAL de Caldera, realiz\u00f3 el proceso&hellip; <\/p>\n","protected":false},"author":2,"featured_media":54282,"comment_status":"open","ping_status":"closed","sticky":false,"template":"","format":"standard","meta":{"footnotes":""},"categories":[7],"tags":[],"class_list":["post-54281","post","type-post","status-publish","format-standard","has-post-thumbnail","hentry","category-atacama"],"_links":{"self":[{"href":"https:\/\/www.radioamigavallenar.cl\/index.php?rest_route=\/wp\/v2\/posts\/54281","targetHints":{"allow":["GET"]}}],"collection":[{"href":"https:\/\/www.radioamigavallenar.cl\/index.php?rest_route=\/wp\/v2\/posts"}],"about":[{"href":"https:\/\/www.radioamigavallenar.cl\/index.php?rest_route=\/wp\/v2\/types\/post"}],"author":[{"embeddable":true,"href":"https:\/\/www.radioamigavallenar.cl\/index.php?rest_route=\/wp\/v2\/users\/2"}],"replies":[{"embeddable":true,"href":"https:\/\/www.radioamigavallenar.cl\/index.php?rest_route=%2Fwp%2Fv2%2Fcomments&post=54281"}],"version-history":[{"count":1,"href":"https:\/\/www.radioamigavallenar.cl\/index.php?rest_route=\/wp\/v2\/posts\/54281\/revisions"}],"predecessor-version":[{"id":54283,"href":"https:\/\/www.radioamigavallenar.cl\/index.php?rest_route=\/wp\/v2\/posts\/54281\/revisions\/54283"}],"wp:featuredmedia":[{"embeddable":true,"href":"https:\/\/www.radioamigavallenar.cl\/index.php?rest_route=\/wp\/v2\/media\/54282"}],"wp:attachment":[{"href":"https:\/\/www.radioamigavallenar.cl\/index.php?rest_route=%2Fwp%2Fv2%2Fmedia&parent=54281"}],"wp:term":[{"taxonomy":"category","embeddable":true,"href":"https:\/\/www.radioamigavallenar.cl\/index.php?rest_route=%2Fwp%2Fv2%2Fcategories&post=54281"},{"taxonomy":"post_tag","embeddable":true,"href":"https:\/\/www.radioamigavallenar.cl\/index.php?rest_route=%2Fwp%2Fv2%2Ftags&post=54281"}],"curies":[{"name":"wp","href":"https:\/\/api.w.org\/{rel}","templated":true}]}}