{"id":54278,"date":"2022-05-13T06:00:21","date_gmt":"2022-05-13T10:00:21","guid":{"rendered":"https:\/\/www.radioamigavallenar.cl\/?p=54278"},"modified":"2022-05-12T22:04:01","modified_gmt":"2022-05-13T02:04:01","slug":"en-la-casa-maldini-tornini-lanzan-oficialmente-el-dia-de-los-patrimonios-en-atacama","status":"publish","type":"post","link":"https:\/\/www.radioamigavallenar.cl\/?p=54278","title":{"rendered":"En la Casa Maldini Tornini lanzan oficialmente el D\u00eda de los Patrimonios en Atacama"},"content":{"rendered":"<p>Luego de dos a\u00f1os de virtualidad producto de la pandemia, vuelve a la presencialidad una nueva celebraci\u00f3n del D\u00eda de los Patrimonios, fiesta cultural que se celebra en todo el pa\u00eds el 28 y 29 de mayo, y que en Atacama se lanz\u00f3 oficialmente con un recorrido patrimonial por el monumento nacional y actual centro de extensi\u00f3n cultural de la Universidad de Atacama, Casa Maldini Tornini.<\/p>\n<p>En el recorrido participaron el Seremi de las Culturas, las Artes y el Patrimonio, Roberto C\u00f3rdova Gonz\u00e1lez, junto al rector de la UDA, Celso Arias Mora, estudiantes del 4 a\u00f1o E de la especialidad de Turismo del Liceo Jos\u00e9 Antonio Carvajal de Copiap\u00f3, adem\u00e1s de la Seremi de Gobierno, Sof\u00eda Roberts, la Seremi de la Mujer y Equidad de G\u00e9nero, Marcela Araya, el Director del Servicio Nacional de Patrimonio Cultural en Atacama, Omar Monroy, entre otras autoridades.<\/p>\n<p>\u201cSon 23 a\u00f1os de historia posicion\u00e1ndose como uno de los eventos m\u00e1s arraigados y esperados por la comunidad, y este a\u00f1o tenemos la posibilidad de disfrutarlo presencialmente, me refiero al D\u00eda de los Patrimonios que celebraremos el s\u00e1bado 28 y domingo 29 de mayo con diferentes actividades en nuestra regi\u00f3n y el pa\u00eds, y que estamos empe\u00f1ados en que siga siendo una de las fiestas m\u00e1s importantes de la cultura\u201d, subray\u00f3 el Seremi de las Culturas, las Artes y el Patrimonio, Roberto C\u00f3rdova Gonz\u00e1lez.<\/p>\n<p style=\"text-align: center;\"><strong>PATRIMONIO CULTURAL INMATERIAL \u00a0\u00a0\u00a0<\/strong><\/p>\n<p>El Seremi adem\u00e1s subray\u00f3 que \u201ceste a\u00f1o como ministerio hemos cambiado el nombre de esta celebraci\u00f3n al D\u00eda de los Patrimonios, que antes era singular, porque queremos que la impronta de la celebraci\u00f3n no sea solamente apreciar y valorar nuestros monumentos o colecciones de piezas hist\u00f3ricas, sino que adem\u00e1s sea una fiesta en la que pongamos en valor el patrimonio cultural inmaterial de nuestro pa\u00eds, y que dice relaci\u00f3n con difundir, preservar y poner en valor todo lo relacionado con los saberes ancestrales de los pueblos originarios, con nuestras costumbres y tradiciones, con todo aquello que se traspasa a trav\u00e9s de la oralidad y que nos otorga nuestra identidad\u00bb, declar\u00f3.<\/p>\n<p>El rector de la Universidad de Atacama, Celso Arias Mora, expres\u00f3 que la casa de estudios superiores \u00abtiene un gran inter\u00e9s por el desarrollo de la cultura y el arte, hemos logrado restaurar en alianza con el gobierno est\u00e1 querida casa que es patrimonio de nuestra universidad y se ha convertido en patrimonio cultural del pa\u00eds. Abriremos el s\u00e1bado 28 de mayo de 10 a 2 de la tarde para que toda la comunidad asista a conocer nuestra querida casa Maldini Tornini\u00bb. Se\u00f1al\u00f3.<\/p>\n<p>La Seremi de gobierno, Sof\u00eda Vargas Roberts, indic\u00f3 que \u00abcomo gobierno tenemos la convicci\u00f3n de que es necesario preservar y poner en valor nuestro patrimonio no s\u00f3lo material, sino que todo el patrimonio Intangible de Atacama, de los pueblos originarios, de nuestra cultura minera. Es muy importante, ahora que estamos volviendo a la presencialidad, trabajar con los colegios, con la comunidad, con las organizaciones sociales, para poner en valor nuestro patrimonio cultural inmaterial\u00bb.<\/p>\n<p>Por su parte, la Seremi de la Mujer y Equidad de G\u00e9nero, Marcela Araya Sep\u00falveda, declar\u00f3 que \u00abest\u00e1 es una oportunidad para visibilizar a las mujeres de nuestra regi\u00f3n, para valorar sus aportes a la cultura y al patrimonio, como por ejemplo el de la escritora y periodista Rosario Orrego, el de las artesanas y las artistas de nuestro territorio. La invitaci\u00f3n es a disfrutar esta celebraci\u00f3n en familia\u00bb.<\/p>\n<p style=\"text-align: center;\"><strong>INSCRIPCI\u00d3N DE ACTIVIDADES<\/strong><\/p>\n<p>Claudio Brice\u00f1o Mansilla, Coordinador de la celebraci\u00f3n del D\u00eda de los Patrimonios en Atacama, invit\u00f3 a la comunidad a inscribir actividades para que sean parte de la cartelera de las celebraciones, ingresando a www.diadelospatrimonios.cl, \u00abcualquier actividad que tenga relaci\u00f3n con el d\u00eda de los patrimonios, cualquier organizaci\u00f3n, tanto p\u00fablica como privada puede ingresar, colocar su rut y una clave, y ya podr\u00e1n ingresar sus actividades\u00bb.<\/p>\n<p>En el D\u00eda de los patrimonios 2021 en Atacama, se realizaron 37 actividades a las que asistieron m\u00e1s de 35 mil personas, mientras que a nivel pa\u00eds se registraron m\u00e1s de 3 millones de visitas.<\/p>\n","protected":false},"excerpt":{"rendered":"<p>Luego de dos a\u00f1os de virtualidad producto de la pandemia, vuelve a la presencialidad una nueva celebraci\u00f3n del D\u00eda de los Patrimonios, fiesta cultural que&hellip; <\/p>\n","protected":false},"author":2,"featured_media":54279,"comment_status":"open","ping_status":"closed","sticky":false,"template":"","format":"standard","meta":{"footnotes":""},"categories":[7],"tags":[],"class_list":["post-54278","post","type-post","status-publish","format-standard","has-post-thumbnail","hentry","category-atacama"],"_links":{"self":[{"href":"https:\/\/www.radioamigavallenar.cl\/index.php?rest_route=\/wp\/v2\/posts\/54278","targetHints":{"allow":["GET"]}}],"collection":[{"href":"https:\/\/www.radioamigavallenar.cl\/index.php?rest_route=\/wp\/v2\/posts"}],"about":[{"href":"https:\/\/www.radioamigavallenar.cl\/index.php?rest_route=\/wp\/v2\/types\/post"}],"author":[{"embeddable":true,"href":"https:\/\/www.radioamigavallenar.cl\/index.php?rest_route=\/wp\/v2\/users\/2"}],"replies":[{"embeddable":true,"href":"https:\/\/www.radioamigavallenar.cl\/index.php?rest_route=%2Fwp%2Fv2%2Fcomments&post=54278"}],"version-history":[{"count":1,"href":"https:\/\/www.radioamigavallenar.cl\/index.php?rest_route=\/wp\/v2\/posts\/54278\/revisions"}],"predecessor-version":[{"id":54280,"href":"https:\/\/www.radioamigavallenar.cl\/index.php?rest_route=\/wp\/v2\/posts\/54278\/revisions\/54280"}],"wp:featuredmedia":[{"embeddable":true,"href":"https:\/\/www.radioamigavallenar.cl\/index.php?rest_route=\/wp\/v2\/media\/54279"}],"wp:attachment":[{"href":"https:\/\/www.radioamigavallenar.cl\/index.php?rest_route=%2Fwp%2Fv2%2Fmedia&parent=54278"}],"wp:term":[{"taxonomy":"category","embeddable":true,"href":"https:\/\/www.radioamigavallenar.cl\/index.php?rest_route=%2Fwp%2Fv2%2Fcategories&post=54278"},{"taxonomy":"post_tag","embeddable":true,"href":"https:\/\/www.radioamigavallenar.cl\/index.php?rest_route=%2Fwp%2Fv2%2Ftags&post=54278"}],"curies":[{"name":"wp","href":"https:\/\/api.w.org\/{rel}","templated":true}]}}