{"id":54275,"date":"2022-05-13T06:00:11","date_gmt":"2022-05-13T10:00:11","guid":{"rendered":"https:\/\/www.radioamigavallenar.cl\/?p=54275"},"modified":"2022-05-12T22:03:08","modified_gmt":"2022-05-13T02:03:08","slug":"gobernador-de-atacama-y-sus-pares-de-argentina-solicitan-compromiso-de-ambos-gobiernos-para-concrecion-del-corredor-bioceanico","status":"publish","type":"post","link":"https:\/\/www.radioamigavallenar.cl\/?p=54275","title":{"rendered":"Gobernador de Atacama y sus pares de Argentina solicitan compromiso de ambos Gobiernos para concreci\u00f3n del Corredor Bioce\u00e1nico"},"content":{"rendered":"<p align=\"justify\">En el marco de la XXII Reuni\u00f3n Plenaria del Comit\u00e9 de Integraci\u00f3n Atacalar, que re\u00fane al Gobierno Regional de Atacama y los Gobiernos de las Provincias Argentinas de Catamarca, La Rioja, C\u00f3rdoba, Tucum\u00e1n, Santa F\u00e9, Santiago del Estero y Entre R\u00edos, se llev\u00f3 a cabo la firma de un acta de compromiso para promover obras estrat\u00e9gicas de infraestructura e inversi\u00f3n que permitan incrementar la producci\u00f3n, el comercio y la conectividad en el marco del proyecto Corredor Bioce\u00e1nico Minero Ferroviario y Alimentario.<\/p>\n<p align=\"justify\">La reuni\u00f3n plenaria es parte de los encuentros peri\u00f3dicos comprometidos por los gobiernos involucrados con el objetivo de verificar los avances del proyecto, a la vez que permite tomar decisiones en conjunto, ante los problemas que se van suscitando.<\/p>\n<p align=\"justify\"><a name=\"_GoBack\"><\/a>El proyecto Corredor bioce\u00e1nico es parte del programa del Gobernador de Atacama, Miguel Vargas, quien manifest\u00f3 que actualmente la macroregi\u00f3n Atacalar representa una poblaci\u00f3n cercana a los 15 millones de habitantes, \u201cy tenemos un solo norte, que es la consolidaci\u00f3n de este gran proyecto que hemos bautizado como la esperanza, tanto para Atacama en el lado Chileno, como para las provincias del noroeste y el centro de la Rep\u00fablica Argentina\u201d.<\/p>\n<p align=\"justify\">La primera autoridad de Atacama asever\u00f3 adem\u00e1s que en esta vig\u00e9simo segunda versi\u00f3n \u201chemos asistido a un hecho pol\u00edtico muy relevante. Aqu\u00ed en la jornada estaba presente el Ministro del Interior de la Rep\u00fablica Argentina, el jefe de Gabinete del Gobierno del Presidente Fern\u00e1ndez y adem\u00e1s, estuvo presente la embajadora de Chile en Argentina, B\u00e1rbara Figueroa, y pr\u00e1cticamente todos los gobernadores de la macro regi\u00f3n excepto el Gobernador de Sata F\u00e9. Aqu\u00ed hubo un planteamiento claro desde los gobiernos provinciales hacia el gobierno central de Argentina para que se otorgue financiamiento a este gran proyecto, nos hemos sumado a esta solicitud y hemos dicho p\u00fabicamente que por el lado chileno \u2013y es un planteamiento que vamos a hacer al Consejo Regional de Atacama que tambi\u00e9n ha tenido un rol muy activo en esta jornada- se haga un planteamiento similar al Gobierno Chileno\u201d.<\/p>\n<p align=\"justify\">La habilitaci\u00f3n de infraestructura adecuada es parte de las iniciativas m\u00e1s urgentes. En este \u00e1mbito, el Delegado Presidencial de Atacama, Gerardo Tapia Tapia se\u00f1al\u00f3 que esta semana \u201cha sido subida al portal de Chile Compra la Licitaci\u00f3n para las mejoras b\u00e1sicas de nuestro paso fronterizo San Francisco. Las instalaciones est\u00e1n hoy d\u00eda imposibles de ser ocupadas, porque falta infraestructura b\u00e1sica, como ba\u00f1os o algunos otros elementos que son fundamentales para que puedan trabajar los servicios que deben estar en aduana. Es una obra que va a ser financiada por el Ministerio del Interior a trav\u00e9s de la Delegaci\u00f3n Presidencial de Atacama, por un monto de aproximadamente 176 mil d\u00f3lares que har\u00e1 mucho m\u00e1s expedito el paso desde Chile hacia Argentina y viceversa, estos es muy relevante porque para el intercambio y la integraci\u00f3n de estos pa\u00edses es fundamental tener pasos fronterizos habilitados. Sin duda que esta es una etapa inicial, porque el prop\u00f3sito nuestro es tener un paso fronterizo mucho m\u00e1s equipado, con habitabilidad para nuestros funcionarios de mayor nivel, pero de alguna manera tenemos que partir y este es el inicio de este proceso\u201d.<\/p>\n<p align=\"justify\"><span lang=\"es-MX\">El Gobernador de la Rioja, Ricardo Clemente Quintela, expres\u00f3 que si bien en un inicio las provincias de Catamarca y la Rioja, junto con Atacama, integraban el Atacalar, actualmente se han sumado nuevas provincias, y por lo mismo \u201cuna de las propuestas m\u00e1s importantes es cambiar el nombre para que se incluya a todas las provincias Argentinas que se quieran incorporar\u201d<\/span><\/p>\n<p align=\"justify\"><span lang=\"es-MX\">En cuanto al acta que fue firmada asever\u00f3 que \u201ces el pedido formal al Gobierno de la Naci\u00f3n a trav\u00e9s del Jefe de Gabinete de Ministros y el Ministro del Interior, de la realizaci\u00f3n de la construcci\u00f3n del corredor bioce\u00e1nico, nada m\u00e1s ni nada menos, que la l\u00ednea f\u00e9rrea que comunica a la regi\u00f3n de Atacama con la Provincia de Catamarca por el paso de San Francisco, y que comunica a la regi\u00f3n de Atacama con la Provincia de la Rioja por el paso de Pircas Negras. La l\u00ednea f\u00e9rrea que nos va a permitir transportar todo lo producido en Argentina hacia a Chile y todo lo que produzca Chile y quiera transportar por este corredor, con \u00e1frica y con Europa, bienvenido sea\u201d.<\/span><\/p>\n<p align=\"justify\">\u201c<span lang=\"es-MX\">Tenemos m\u00e1s confianza, porque vino nada m\u00e1s y nada menos que el Jefe de Gabinete, que es la autoridad m\u00e1xima despu\u00e9s del Presidente en el poder ejecutivo, junto con el Ministro del Interior, es la autoridad m\u00e1xima vinculada a los Gobernadores de todas las provincias de Argentina\u201d afirm\u00f3 Quintela.<\/span><\/p>\n<p align=\"justify\"><span lang=\"es-MX\">El Gobernador de La Rioja tambi\u00e9n se refiri\u00f3 al proceso que se est\u00e1 viviendo en Chile en el marco de la Convenci\u00f3n Constitucional, en que dijo \u201cmis felicitaciones al pueblo de Chile por la Constituci\u00f3n que est\u00e1n logrando, por las elecciones. Por la posibilidad que un Gobernador de Atacama sea electo por la voluntad de su gente, de su pueblo, cosa que nos llena y nos gratifica, y por la descentralizaci\u00f3n que est\u00e1n peleando todos los Chilenos para que alcance el bienestar a cada uno de ellos vivan donde vivan. Nosotros estamos en una situaci\u00f3n similar a la de Chile, porque si bien es cierto, la Rep\u00fablica Argentina en su Constituci\u00f3n establece que es un pa\u00eds federal, en los hechos no se da, porque es un pa\u00eds centralista. Lo que pasa es que a diferencia de Chile, que tiene la valent\u00eda de haberse reconocido un pa\u00eds unitario, nosotros no tenemos esa valent\u00eda, decimos que somos federales, pero eso no es cierto\u201d.<\/span><\/p>\n<p align=\"justify\">El Gobernador de Atacama manifest\u00f3 \u201cCreo que si logramos todos estos esfuerzos este es un proyecto que puede estar m\u00e1s cerca de lo que pensamos, y si a esto agregamos otros elementos como actividades culturales, deportivas, tur\u00edsticas. Lo que queremos es que los ciudadanos tanto de Atacama, como de las provincias que conformamos el Atacalar sientan que este es un proyecto importante, que tambi\u00e9n les afecta en su d\u00eda a d\u00eda\u201d.<\/p>\n<p align=\"justify\">\u201cTenemos que seguir trabajando. Esta es una labor permanente, son muy importantes los apoyos pol\u00edticos, es muy importante el apoyo de las autoridades y gobiernos centrales -tanto de Chile como de Argentina- pero creo que la voluntad que aqu\u00ed se expres\u00f3 con la presencia de todos los Gobernadores de la macro regi\u00f3n da cuenta de un compromiso real que nace desde las regiones. La integraci\u00f3n s\u00f3lo ser\u00e1 posible si se trasforma en un gran objetivo que se hace a partir de los esfuerzos descentralizadores que tenemos en Chile ya partir de la realidad federal que tenemos en Argentina\u201d, finaliz\u00f3 Miguel Vargas.<\/p>\n","protected":false},"excerpt":{"rendered":"<p>En el marco de la XXII Reuni\u00f3n Plenaria del Comit\u00e9 de Integraci\u00f3n Atacalar, que re\u00fane al Gobierno Regional de Atacama y los Gobiernos de las&hellip; <\/p>\n","protected":false},"author":2,"featured_media":54276,"comment_status":"open","ping_status":"closed","sticky":false,"template":"","format":"standard","meta":{"footnotes":""},"categories":[7],"tags":[],"class_list":["post-54275","post","type-post","status-publish","format-standard","has-post-thumbnail","hentry","category-atacama"],"_links":{"self":[{"href":"https:\/\/www.radioamigavallenar.cl\/index.php?rest_route=\/wp\/v2\/posts\/54275","targetHints":{"allow":["GET"]}}],"collection":[{"href":"https:\/\/www.radioamigavallenar.cl\/index.php?rest_route=\/wp\/v2\/posts"}],"about":[{"href":"https:\/\/www.radioamigavallenar.cl\/index.php?rest_route=\/wp\/v2\/types\/post"}],"author":[{"embeddable":true,"href":"https:\/\/www.radioamigavallenar.cl\/index.php?rest_route=\/wp\/v2\/users\/2"}],"replies":[{"embeddable":true,"href":"https:\/\/www.radioamigavallenar.cl\/index.php?rest_route=%2Fwp%2Fv2%2Fcomments&post=54275"}],"version-history":[{"count":1,"href":"https:\/\/www.radioamigavallenar.cl\/index.php?rest_route=\/wp\/v2\/posts\/54275\/revisions"}],"predecessor-version":[{"id":54277,"href":"https:\/\/www.radioamigavallenar.cl\/index.php?rest_route=\/wp\/v2\/posts\/54275\/revisions\/54277"}],"wp:featuredmedia":[{"embeddable":true,"href":"https:\/\/www.radioamigavallenar.cl\/index.php?rest_route=\/wp\/v2\/media\/54276"}],"wp:attachment":[{"href":"https:\/\/www.radioamigavallenar.cl\/index.php?rest_route=%2Fwp%2Fv2%2Fmedia&parent=54275"}],"wp:term":[{"taxonomy":"category","embeddable":true,"href":"https:\/\/www.radioamigavallenar.cl\/index.php?rest_route=%2Fwp%2Fv2%2Fcategories&post=54275"},{"taxonomy":"post_tag","embeddable":true,"href":"https:\/\/www.radioamigavallenar.cl\/index.php?rest_route=%2Fwp%2Fv2%2Ftags&post=54275"}],"curies":[{"name":"wp","href":"https:\/\/api.w.org\/{rel}","templated":true}]}}