{"id":50277,"date":"2022-02-09T00:01:47","date_gmt":"2022-02-09T03:01:47","guid":{"rendered":"https:\/\/www.radioamigavallenar.cl\/?p=50277"},"modified":"2022-02-08T23:12:21","modified_gmt":"2022-02-09T02:12:21","slug":"precio-del-cobre-asi-impactaron-los-ingresos-de-codelco-y-mineras-privadas-en-arcas-fiscales","status":"publish","type":"post","link":"https:\/\/www.radioamigavallenar.cl\/?p=50277","title":{"rendered":"Precio del cobre: as\u00ed impactaron los ingresos de Codelco y mineras privadas en arcas fiscales"},"content":{"rendered":"<p>Seg\u00fan el\u00a0<strong>Informe de Finanzas P\u00fablicas del Cuarto Trimestre de 2021, de la Direcci\u00f3n de Presupuestos (Dipres)<\/strong>\u00a0del Ministerio de Hacienda se informa que los ingresos de Codelco (Cobre Bruto) presentaron\u00a0<strong>un crecimiento de 313,4% real anual, impulsado por el precio del cobre,\u00a0<\/strong>que promedi\u00f3 US$4,23 la libra en 2021, comparado con los US$2,80 la libra en 2020, m\u00e1s que compensando el menor tipo de cambio registrado en el per\u00edodo ($759 en 2021 versus $792 en 2020).<\/p>\n<p>El informe exhibe que \u201clo anterior se traduce en que Codelco ha traspasado excedentes (dividendos) al Fisco desde abril de 2021, de una magnitud de $1.593.742 millones a diciembre de 2021. Asimismo, ha pagado Impuestos de Primera Categor\u00eda y de 40% de Empresas P\u00fablicas (Decreto Ley 2.398) desde junio de dicho a\u00f1o, dado el t\u00e9rmino de la absorci\u00f3n de las p\u00e9rdidas tributaras acumuladas en a\u00f1os previos\u201d.<\/p>\n<p>Asimismo, el documento registra que el mayor precio del cobre registrado durante el a\u00f1o pasado favoreci\u00f3 la recaudaci\u00f3n anual de\u00a0<strong>la tributaci\u00f3n de la miner\u00eda privada, que registr\u00f3 un crecimiento de 105,9% anual.<\/strong><\/p>\n<h3>Proyecci\u00f3n 2022<\/h3>\n<p>El reporte se\u00f1ala que durante 2022, se prev\u00e9 que el mundo contin\u00fae su proceso de recuperaci\u00f3n. Sin embargo, el crecimiento de\u00a0<strong>las principales econom\u00edas experimentar\u00e1 una desaceleraci\u00f3n importante en los pr\u00f3ximos trimestres<\/strong>, tanto por la normalizaci\u00f3n de la pol\u00edtica monetaria y fiscal prevista para este a\u00f1o, como tambi\u00e9n ante condiciones financieras menos favorables en el margen. Lo anterior ser\u00eda compensado parcialmente por parte de China, cuya pol\u00edtica expansiva evitar\u00eda una desaceleraci\u00f3n mayor.<\/p>\n<p>A nivel local, en tanto,\u00a0<strong>la tasa de crecimiento anual de 2022 se corrige al alza a 3,5% desde el 2,5% previo,<\/strong>\u00a0principalmente por el buen cierre de a\u00f1o de un conjunto de indicadores de actividad y empleo, como tambi\u00e9n debido fuentes diversificadas de mayor crecimiento econ\u00f3mico cuya consolidaci\u00f3n ocurrir\u00eda este a\u00f1o, tanto en inversi\u00f3n, como en consumo privado.<\/p>\n<p>En este escenario, en el informe se deja ver que\u00a0<strong>se estima que el tipo de cambio oscile por sobre los $800\/d\u00f3lar a lo largo de 2022<\/strong>\u00a0y gradualmente converja a niveles m\u00e1s compatibles con sus fundamentales este a\u00f1o, mientras se prev\u00e9 que el precio del cobre siga cotiz\u00e1ndose cerca de los US$ 4,0 la libra.<\/p>\n<p>Al mismo tiempo, el documento revela que en lo que se refiere a\u00a0<strong>ingresos por concepto de Cobre Bruto (Codelco), se espera una disminuci\u00f3n real de 15,7%, respecto de lo registrado en 2021<\/strong>, debido a un menor precio de venta del cobre y un aumento de los costos de producci\u00f3n.<\/p>\n","protected":false},"excerpt":{"rendered":"<p>Seg\u00fan el\u00a0Informe de Finanzas P\u00fablicas del Cuarto Trimestre de 2021, de la Direcci\u00f3n de Presupuestos (Dipres)\u00a0del Ministerio de Hacienda se informa que los ingresos de&hellip; <\/p>\n","protected":false},"author":2,"featured_media":39345,"comment_status":"open","ping_status":"closed","sticky":false,"template":"","format":"standard","meta":{"footnotes":""},"categories":[37],"tags":[],"class_list":["post-50277","post","type-post","status-publish","format-standard","has-post-thumbnail","hentry","category-nacional"],"_links":{"self":[{"href":"https:\/\/www.radioamigavallenar.cl\/index.php?rest_route=\/wp\/v2\/posts\/50277","targetHints":{"allow":["GET"]}}],"collection":[{"href":"https:\/\/www.radioamigavallenar.cl\/index.php?rest_route=\/wp\/v2\/posts"}],"about":[{"href":"https:\/\/www.radioamigavallenar.cl\/index.php?rest_route=\/wp\/v2\/types\/post"}],"author":[{"embeddable":true,"href":"https:\/\/www.radioamigavallenar.cl\/index.php?rest_route=\/wp\/v2\/users\/2"}],"replies":[{"embeddable":true,"href":"https:\/\/www.radioamigavallenar.cl\/index.php?rest_route=%2Fwp%2Fv2%2Fcomments&post=50277"}],"version-history":[{"count":1,"href":"https:\/\/www.radioamigavallenar.cl\/index.php?rest_route=\/wp\/v2\/posts\/50277\/revisions"}],"predecessor-version":[{"id":50278,"href":"https:\/\/www.radioamigavallenar.cl\/index.php?rest_route=\/wp\/v2\/posts\/50277\/revisions\/50278"}],"wp:featuredmedia":[{"embeddable":true,"href":"https:\/\/www.radioamigavallenar.cl\/index.php?rest_route=\/wp\/v2\/media\/39345"}],"wp:attachment":[{"href":"https:\/\/www.radioamigavallenar.cl\/index.php?rest_route=%2Fwp%2Fv2%2Fmedia&parent=50277"}],"wp:term":[{"taxonomy":"category","embeddable":true,"href":"https:\/\/www.radioamigavallenar.cl\/index.php?rest_route=%2Fwp%2Fv2%2Fcategories&post=50277"},{"taxonomy":"post_tag","embeddable":true,"href":"https:\/\/www.radioamigavallenar.cl\/index.php?rest_route=%2Fwp%2Fv2%2Ftags&post=50277"}],"curies":[{"name":"wp","href":"https:\/\/api.w.org\/{rel}","templated":true}]}}