{"id":50272,"date":"2022-02-09T00:01:51","date_gmt":"2022-02-09T03:01:51","guid":{"rendered":"https:\/\/www.radioamigavallenar.cl\/?p=50272"},"modified":"2022-02-08T23:05:30","modified_gmt":"2022-02-09T02:05:30","slug":"gobernador-vargas-conforma-mesa-tecnica-de-trabajo-ante-situacion-migratoria-en-atacama","status":"publish","type":"post","link":"https:\/\/www.radioamigavallenar.cl\/?p=50272","title":{"rendered":"Gobernador Vargas conforma mesa t\u00e9cnica de trabajo ante situaci\u00f3n migratoria en Atacama"},"content":{"rendered":"<p>En un plazo de 15 d\u00edas se entregar\u00e1n las primeras propuestas para enfrentar el ingreso ilegal de extranjeros.<span id=\"more-293477\"><\/span><\/p>\n<p>&nbsp;<\/p>\n<p>Tras distintas reuniones realizadas con anterioridad, sobre la migraci\u00f3n en la regi\u00f3n, este lunes se determin\u00f3 oficializar una mesa t\u00e9cnica, liderada por el Gobernador Miguel Vargas con participaci\u00f3n de distintos representantes de entidades relacionadas, con el prop\u00f3sito de enfrentar debidamente la llegada de migrantes a Atacama.<\/p>\n<p>Integrar\u00e1n esta comisi\u00f3n de trabajo carabineros, polic\u00eda de investigaciones, la delegaci\u00f3n presidencial, el servicio de migraci\u00f3n, el obispado, fundaciones, entre otros, para generar propuestas y an\u00e1lisis en base a la experiencia de cada instituci\u00f3n con el tema migratorio.<\/p>\n<p>&nbsp;<\/p>\n<p>La autoridad regional, agreg\u00f3 que \u201ca partir del trabajo conjunto con las polic\u00edas, con el servicio de migraci\u00f3n, en la delegaci\u00f3n presidencial, el obispado, la Fundaci\u00f3n Cuatro Esquinas, los municipios, buscamos poder ponernos de acuerdo en un plan de trabajo que nos permita mirar con mayor tranquilidad esta situaci\u00f3n y poder tomar medidas de corto, mediano y largo plazo. Hemos acordado la conformaci\u00f3n de una mesa t\u00e9cnica de trabajo que deber\u00e1 tener, en un plazo m\u00e1ximo de 15 a 20 d\u00edas, una propuesta que sancionaremos con los organismos participantes\u201d.<\/p>\n<p>POLIC\u00cdAS<\/p>\n<p>Desde Carabineros, el Mayor Marcelo Ram\u00edrez, Comisario de la Segunda Comisar\u00eda, se refiri\u00f3 al trabajo permanente que realizan de fiscalizaci\u00f3n y control a los migrantes, indicando que se hace \u201ccon la finalidad de evitar que obliguen a los transe\u00fantes o a los conductores de veh\u00edculos a entregarles dinero o sean amenazados. Necesitamos que las autoridades dicten algunas directrices. Carabineros de Chile se mantiene las 24 horas, los siete d\u00edas de la semana, en contacto con esta problem\u00e1tica. Lo importante es contar con el apoyo de distintas autoridades y organizaciones para poder trabajar con la inmigraci\u00f3n irregular\u201d.<\/p>\n<p>&nbsp;<\/p>\n<p>TRABAJO EN EQUIPO<\/p>\n<p>Desde el Servicio Nacional de Migraciones, su Director Regional, Benjam\u00edn Quinlan, se\u00f1al\u00f3 que \u201ctrabajar en equipo se llega mucho m\u00e1s lejos que trabajar individualmente. Siempre hemos estado muy dispuestos con la generaci\u00f3n mesas de trabajo donde se establecer\u00e1n propuestas y plazos. Es una situaci\u00f3n muy compleja, principalmente para el norte del pa\u00eds, sin dejar de lado a la zona sur del pa\u00eds. Me parece un muy buen elemento y una muy buena herramienta\u201d.<\/p>\n<p>&nbsp;<\/p>\n","protected":false},"excerpt":{"rendered":"<p>En un plazo de 15 d\u00edas se entregar\u00e1n las primeras propuestas para enfrentar el ingreso ilegal de extranjeros. &nbsp; Tras distintas reuniones realizadas con anterioridad,&hellip; <\/p>\n","protected":false},"author":2,"featured_media":50273,"comment_status":"open","ping_status":"closed","sticky":false,"template":"","format":"standard","meta":{"footnotes":""},"categories":[38],"tags":[],"class_list":["post-50272","post","type-post","status-publish","format-standard","has-post-thumbnail","hentry","category-portada-regional"],"_links":{"self":[{"href":"https:\/\/www.radioamigavallenar.cl\/index.php?rest_route=\/wp\/v2\/posts\/50272","targetHints":{"allow":["GET"]}}],"collection":[{"href":"https:\/\/www.radioamigavallenar.cl\/index.php?rest_route=\/wp\/v2\/posts"}],"about":[{"href":"https:\/\/www.radioamigavallenar.cl\/index.php?rest_route=\/wp\/v2\/types\/post"}],"author":[{"embeddable":true,"href":"https:\/\/www.radioamigavallenar.cl\/index.php?rest_route=\/wp\/v2\/users\/2"}],"replies":[{"embeddable":true,"href":"https:\/\/www.radioamigavallenar.cl\/index.php?rest_route=%2Fwp%2Fv2%2Fcomments&post=50272"}],"version-history":[{"count":1,"href":"https:\/\/www.radioamigavallenar.cl\/index.php?rest_route=\/wp\/v2\/posts\/50272\/revisions"}],"predecessor-version":[{"id":50274,"href":"https:\/\/www.radioamigavallenar.cl\/index.php?rest_route=\/wp\/v2\/posts\/50272\/revisions\/50274"}],"wp:featuredmedia":[{"embeddable":true,"href":"https:\/\/www.radioamigavallenar.cl\/index.php?rest_route=\/wp\/v2\/media\/50273"}],"wp:attachment":[{"href":"https:\/\/www.radioamigavallenar.cl\/index.php?rest_route=%2Fwp%2Fv2%2Fmedia&parent=50272"}],"wp:term":[{"taxonomy":"category","embeddable":true,"href":"https:\/\/www.radioamigavallenar.cl\/index.php?rest_route=%2Fwp%2Fv2%2Fcategories&post=50272"},{"taxonomy":"post_tag","embeddable":true,"href":"https:\/\/www.radioamigavallenar.cl\/index.php?rest_route=%2Fwp%2Fv2%2Ftags&post=50272"}],"curies":[{"name":"wp","href":"https:\/\/api.w.org\/{rel}","templated":true}]}}