{"id":50264,"date":"2022-02-08T12:15:23","date_gmt":"2022-02-08T15:15:23","guid":{"rendered":"https:\/\/www.radioamigavallenar.cl\/?p=50264"},"modified":"2022-02-08T12:46:57","modified_gmt":"2022-02-08T15:46:57","slug":"hoy-marte-atacama-reporto-689-casos-nuevos-de-covid","status":"publish","type":"post","link":"https:\/\/www.radioamigavallenar.cl\/?p=50264","title":{"rendered":"Hoy  Martes Atacama report\u00f3  689 casos nuevos de Covid"},"content":{"rendered":"<div class=\"mvp-post-soc-wrap left relative\">\n<p>&nbsp;<\/p>\n<\/div>\n<div class=\"mvp-post-soc-in\">\n<div id=\"mvp-content-body\" class=\"left relative\">\n<div id=\"mvp-content-body-top\" class=\"left relative\">\n<div id=\"mvp-content-main\" class=\"left relative\">\n<p>El Minsal\u00a0 inform\u00f3 este martes un total de 689 casos nuevos de Covid en Atacama, es\u00a0 decir una alza de 82 casos m\u00e1s que ayer cuando se informaron 607 casos, de ellos 330 fueron casos sintom\u00e1ticos, 88 sin s\u00edntomas, sum\u00e1ndose 271 casos reportados por laboratorio y 222 por ant\u00edgeno.\u00a0 Los activos reportados hoy fueron 2.765,\u00a0 332 casos menos que la jornada previa, con una tasa de incidencia de 869,5.<\/p>\n<p>La positividad PCR diaria lleg\u00f3 a 20,03% y un 17,54% semanal.<\/p>\n<p>Los casos por comunas informados este martes fueron los siguientes: 366 casos corresponden a la comuna de Copiap\u00f3, 106 casos a la comuna de Vallenar, 72 casos a la comuna de Caldera, 53 casos a la comuna de Diego de Almagro, 33 casos a la comuna de Cha\u00f1aral, 31 casos a la comuna de Tierra Amarilla, 19 casos a la comuna de Huasco, 8 casos a la comuna de Freirina, y 1 caso a la comuna de Alto del Carmen.\u00a0 Tras validaci\u00f3n de nivel central, se trasladan 28 casos a la regi\u00f3n de Atacama.<\/p>\n<p>Con aquello Atacama alcanza a la fecha 43.665 casos acumulados de la pandemia.<\/p>\n<\/div>\n<\/div>\n<\/div>\n<\/div>\n","protected":false},"excerpt":{"rendered":"<p>&nbsp; El Minsal\u00a0 inform\u00f3 este martes un total de 689 casos nuevos de Covid en Atacama, es\u00a0 decir una alza de 82 casos m\u00e1s que&hellip; <\/p>\n","protected":false},"author":2,"featured_media":50265,"comment_status":"open","ping_status":"closed","sticky":false,"template":"","format":"standard","meta":{"footnotes":""},"categories":[38],"tags":[],"class_list":["post-50264","post","type-post","status-publish","format-standard","has-post-thumbnail","hentry","category-portada-regional"],"_links":{"self":[{"href":"https:\/\/www.radioamigavallenar.cl\/index.php?rest_route=\/wp\/v2\/posts\/50264","targetHints":{"allow":["GET"]}}],"collection":[{"href":"https:\/\/www.radioamigavallenar.cl\/index.php?rest_route=\/wp\/v2\/posts"}],"about":[{"href":"https:\/\/www.radioamigavallenar.cl\/index.php?rest_route=\/wp\/v2\/types\/post"}],"author":[{"embeddable":true,"href":"https:\/\/www.radioamigavallenar.cl\/index.php?rest_route=\/wp\/v2\/users\/2"}],"replies":[{"embeddable":true,"href":"https:\/\/www.radioamigavallenar.cl\/index.php?rest_route=%2Fwp%2Fv2%2Fcomments&post=50264"}],"version-history":[{"count":2,"href":"https:\/\/www.radioamigavallenar.cl\/index.php?rest_route=\/wp\/v2\/posts\/50264\/revisions"}],"predecessor-version":[{"id":50271,"href":"https:\/\/www.radioamigavallenar.cl\/index.php?rest_route=\/wp\/v2\/posts\/50264\/revisions\/50271"}],"wp:featuredmedia":[{"embeddable":true,"href":"https:\/\/www.radioamigavallenar.cl\/index.php?rest_route=\/wp\/v2\/media\/50265"}],"wp:attachment":[{"href":"https:\/\/www.radioamigavallenar.cl\/index.php?rest_route=%2Fwp%2Fv2%2Fmedia&parent=50264"}],"wp:term":[{"taxonomy":"category","embeddable":true,"href":"https:\/\/www.radioamigavallenar.cl\/index.php?rest_route=%2Fwp%2Fv2%2Fcategories&post=50264"},{"taxonomy":"post_tag","embeddable":true,"href":"https:\/\/www.radioamigavallenar.cl\/index.php?rest_route=%2Fwp%2Fv2%2Ftags&post=50264"}],"curies":[{"name":"wp","href":"https:\/\/api.w.org\/{rel}","templated":true}]}}