{"id":50261,"date":"2022-02-08T11:15:41","date_gmt":"2022-02-08T14:15:41","guid":{"rendered":"https:\/\/www.radioamigavallenar.cl\/?p=50261"},"modified":"2022-02-08T11:15:41","modified_gmt":"2022-02-08T14:15:41","slug":"a-dos-dias-de-abandonar-el-gobierno-allamand-ya-asumio-como-secretario-general-iberoamericano","status":"publish","type":"post","link":"https:\/\/www.radioamigavallenar.cl\/?p=50261","title":{"rendered":"A dos d\u00edas de abandonar el Gobierno, Allamand ya asumi\u00f3 como secretario general iberoamericano"},"content":{"rendered":"<p><strong>Andr\u00e9s Allamand (RN) asumi\u00f3 este martes como nuevo secretario general iberoamericano<\/strong>,<strong><a href=\"https:\/\/www.cooperativa.cl\/noticias\/pais\/gobierno\/gabinete\/andres-allamand-renuncio-a-la-cancilleria-y-anuncio-su-retiro-de-la\/2022-02-06\/122756.html\">\u00a0tras su pol\u00e9mica renuncia al Ministerio de Relaciones Exteriores el fin de semana<\/a><\/strong>.<\/p>\n<p>El ex ministro\u00a0<strong>liderar\u00e1 la Secretar\u00eda General Iberoamericana (Segib) por los pr\u00f3ximos cuatro a\u00f1os<\/strong>, con la posibilidad de -seg\u00fan lo dispuesto en el art\u00edculo 4 del Convenio de Santa Cruz de la Sierra- renovar solo una vez por otro periodo.<\/p>\n<p>Allamand, que fue nombrado en el cargo el 26 de noviembre de 2021 por consenso por los gobiernos de los 22 pa\u00edses iberoamericanos,\u00a0<strong>reemplazar\u00e1 a la costarricense Rebeca Grynspan<\/strong>, quien dej\u00f3 sus funciones en septiembre del a\u00f1o pasado.<\/p>\n<p>La renuncia al Ministerio de Relaciones Exteriores se dio en medio de un gran n\u00famero de cr\u00edticas\u00a0 por su labor en las \u00faltimas semanas, sobre todo por\u00a0<strong>su nula presencia en medio de la crisis migratoria que se vive en el norte del pa\u00eds<\/strong>.<\/p>\n<p>Su salida del Gobierno fue al regreso de sus vacaciones, en las que visit\u00f3 Espa\u00f1a para sostener una cita antes de asumir como titular de la Segib, mismas fechas en las que\u00a0<strong>el norte de Chile enfrentaba una compleja situaci\u00f3n con manifestaciones y paralizaciones<\/strong>\u00a0en Iquique y Arica.<\/p>\n<p>&nbsp;<\/p>\n<p>Con su renuncia y su nuevo cargo internacional, Allamand afirm\u00f3 en su discurso de salida que \u00ab<a href=\"https:\/\/www.cooperativa.cl\/noticias\/pais\/gobierno\/gabinete\/allamand-tras-dejar-la-cancilleria-este-momento-marca-el-cierre-de-mi-vida-en-la-politica-nacional-\/2022-02-06\/132602.html\"><strong>este momento marca el cierre definitivo de mi larga vida en la pol\u00edtica nacional<\/strong><\/a>\u00ab.<\/p>\n<p>Su puesto ser\u00e1 ocupado en subrogancia por\u00a0<strong>Carolina Valdivia Torres<\/strong>, quien se desempe\u00f1aba actualmente como subsecretaria de Relaciones Exteriores.<\/p>\n<p>Ante esta nueva designaci\u00f3n de Allamand, que lo har\u00e1 mudarse a Espa\u00f1a, sede de la Segib, se gener\u00f3 la duda sobre si la constituyente de Vamos por Chile\u00a0<strong>Marcela Cubillos<\/strong>,\u00a0<strong>esposa del ex ministro<\/strong>,\u00a0<strong>se ir\u00eda con \u00e9l al pa\u00eds europeo<\/strong>.<\/p>\n<p>Esta especulaci\u00f3n fue recibida con molest\u00eda por parte de la ex ministra de Educaci\u00f3n, quien asegur\u00f3 en sus redes sociales que<strong>\u00a0se trata de una \u00abpregunta machista\u00bb<\/strong>\u00a0y que cada uno tiene la responsabilidad en sus respectivos cargos.<\/p>\n<p>\u00abLa pregunta de si me quedar\u00e9 en Chile o me ir\u00e9 a Espa\u00f1a es una pregunta bastante machista, pero la responder\u00e9:\u00a0<strong>Allamand fue elegido en un cargo y yo fui elegida en otro<\/strong>.<strong>\u00a0Profesionalmente cada uno en lo suyo<\/strong>,<strong>\u00a0como corresponde<\/strong>\u00ab, puntualiz\u00f3 la constituyente.<\/p>\n<p>Las dudas sobre un presunto viaje a Espa\u00f1a por parte de Cubillos crecieron luego que se informara de un documento enviado a la Mesa de la Convenci\u00f3n, en el que afirmaba que viajar\u00eda a Madrid entre el 29 de enero y el 7 de febrero.<\/p>\n<p>Esto finalmente no se dio y fue la misma ex secretaria de Estado quien confirm\u00f3 que se encuentra en Chile,\u00a0<strong>trabajando de forma remota en el \u00f3rgano constituyente<\/strong>.<\/p>\n<p>&nbsp;<\/p>\n","protected":false},"excerpt":{"rendered":"<p>Andr\u00e9s Allamand (RN) asumi\u00f3 este martes como nuevo secretario general iberoamericano,\u00a0tras su pol\u00e9mica renuncia al Ministerio de Relaciones Exteriores el fin de semana. El ex&hellip; <\/p>\n","protected":false},"author":2,"featured_media":50262,"comment_status":"open","ping_status":"closed","sticky":false,"template":"","format":"standard","meta":{"footnotes":""},"categories":[37],"tags":[],"class_list":["post-50261","post","type-post","status-publish","format-standard","has-post-thumbnail","hentry","category-nacional"],"_links":{"self":[{"href":"https:\/\/www.radioamigavallenar.cl\/index.php?rest_route=\/wp\/v2\/posts\/50261","targetHints":{"allow":["GET"]}}],"collection":[{"href":"https:\/\/www.radioamigavallenar.cl\/index.php?rest_route=\/wp\/v2\/posts"}],"about":[{"href":"https:\/\/www.radioamigavallenar.cl\/index.php?rest_route=\/wp\/v2\/types\/post"}],"author":[{"embeddable":true,"href":"https:\/\/www.radioamigavallenar.cl\/index.php?rest_route=\/wp\/v2\/users\/2"}],"replies":[{"embeddable":true,"href":"https:\/\/www.radioamigavallenar.cl\/index.php?rest_route=%2Fwp%2Fv2%2Fcomments&post=50261"}],"version-history":[{"count":1,"href":"https:\/\/www.radioamigavallenar.cl\/index.php?rest_route=\/wp\/v2\/posts\/50261\/revisions"}],"predecessor-version":[{"id":50263,"href":"https:\/\/www.radioamigavallenar.cl\/index.php?rest_route=\/wp\/v2\/posts\/50261\/revisions\/50263"}],"wp:featuredmedia":[{"embeddable":true,"href":"https:\/\/www.radioamigavallenar.cl\/index.php?rest_route=\/wp\/v2\/media\/50262"}],"wp:attachment":[{"href":"https:\/\/www.radioamigavallenar.cl\/index.php?rest_route=%2Fwp%2Fv2%2Fmedia&parent=50261"}],"wp:term":[{"taxonomy":"category","embeddable":true,"href":"https:\/\/www.radioamigavallenar.cl\/index.php?rest_route=%2Fwp%2Fv2%2Fcategories&post=50261"},{"taxonomy":"post_tag","embeddable":true,"href":"https:\/\/www.radioamigavallenar.cl\/index.php?rest_route=%2Fwp%2Fv2%2Ftags&post=50261"}],"curies":[{"name":"wp","href":"https:\/\/api.w.org\/{rel}","templated":true}]}}