{"id":50259,"date":"2022-02-08T11:07:11","date_gmt":"2022-02-08T14:07:11","guid":{"rendered":"https:\/\/www.radioamigavallenar.cl\/?p=50259"},"modified":"2022-02-08T11:07:11","modified_gmt":"2022-02-08T14:07:11","slug":"fiscalia-investigo-robo-a-taxista-en-vallenar-y-obtuvo-penas-de-carcel-para-autores-del-delito","status":"publish","type":"post","link":"https:\/\/www.radioamigavallenar.cl\/?p=50259","title":{"rendered":"Fiscal\u00eda investig\u00f3 robo a taxista en Vallenar y  obtuvo penas de c\u00e1rcel para autores del delito"},"content":{"rendered":"<p>La Fiscal\u00eda de Atacama argument\u00f3 en audiencia de Juicio Oral los antecedentes reunidos en una investigaci\u00f3n por un delito de robo que afect\u00f3 al conductor de un taxi colectivo en Vallenar.<\/p>\n<p>Los hechos investigados por el fiscal adjunto de esta ciudad, Luis Zepeda Rodr\u00edguez, establecieron que el 21 de enero de 2019 los dos acusados previamente concertados, Hernaldo Ram\u00edrez Gallardo y Mat\u00edas Villalobos Villalobos, abordaron un taxi que esperaba pasajeros en las afueras del terminal de buses de esta ciudad alrededor de las 04:40 horas, procediendo a solicitar al conductor que los movilizara hacia el sector de la calle Sara Cruz de esta ciudad.<\/p>\n<p>\u201cLa investigaci\u00f3n de la Fiscal\u00eda pudo establecer que en el trayecto, Ram\u00edrez Gallardo, quien estaba sentado en asiento trasero, tom\u00f3 la cabeza de la v\u00edctima y puso un arma punzante en su cuello. Mientras Villalobos Villalobos, sentado en el lugar del copiloto, presion\u00f3 un cuchillo en el abdomen del conductor. Con ello, consiguieron sustraer dinero en efectivo de propiedad del afectado, quien result\u00f3 con una lesi\u00f3n de car\u00e1cter leve, adem\u00e1s de su tel\u00e9fono celular\u201d, indic\u00f3 el fiscal.<\/p>\n<p>Luego de la sustracci\u00f3n, ambos involucrados exigieron a la v\u00edctima que los trasladaran hasta el sector del paso nivel ubicado en el ingreso norte de la ciudad, lugar en que bajaron del veh\u00edculo y se dieron a la fuga no sin antes da\u00f1ar los neum\u00e1ticos con las armas blancas que portaban.<\/p>\n<p>Por estos hechos, la Fiscal\u00eda indag\u00f3 lo ocurrido y acus\u00f3 a ambos imputados por su participaci\u00f3n en un delito consumado de robo con violencia, consiguiendo que los Jueces del mencionado Tribunal sentenciaran a Mat\u00edas Villalobos a la pena de 5 a\u00f1os y un d\u00eda de c\u00e1rcel, mientras que Hernaldo Ram\u00edrez deber\u00e1 cumplir la sanci\u00f3n penal de 7 a\u00f1os de c\u00e1rcel. Ambas sanciones de manera efectiva en la c\u00e1rcel de la ciudad.<\/p>\n<p>En este caso el fiscal Zepeda valor\u00f3 el trabajo de la Unidad de Atenci\u00f3n a V\u00edctimas y Testigos de la Fiscal\u00eda Regional, la que mantuvo contacto con la persona afectada con la finalidad de orientarla y apoyarla con la finalidad de que pudiera prestar su testimonio durante la realizaci\u00f3n de la audiencia de juicio.<\/p>\n<p>&nbsp;<\/p>\n","protected":false},"excerpt":{"rendered":"<p>La Fiscal\u00eda de Atacama argument\u00f3 en audiencia de Juicio Oral los antecedentes reunidos en una investigaci\u00f3n por un delito de robo que afect\u00f3 al conductor&hellip; <\/p>\n","protected":false},"author":2,"featured_media":26221,"comment_status":"open","ping_status":"closed","sticky":false,"template":"","format":"standard","meta":{"footnotes":""},"categories":[7],"tags":[],"class_list":["post-50259","post","type-post","status-publish","format-standard","has-post-thumbnail","hentry","category-atacama"],"_links":{"self":[{"href":"https:\/\/www.radioamigavallenar.cl\/index.php?rest_route=\/wp\/v2\/posts\/50259","targetHints":{"allow":["GET"]}}],"collection":[{"href":"https:\/\/www.radioamigavallenar.cl\/index.php?rest_route=\/wp\/v2\/posts"}],"about":[{"href":"https:\/\/www.radioamigavallenar.cl\/index.php?rest_route=\/wp\/v2\/types\/post"}],"author":[{"embeddable":true,"href":"https:\/\/www.radioamigavallenar.cl\/index.php?rest_route=\/wp\/v2\/users\/2"}],"replies":[{"embeddable":true,"href":"https:\/\/www.radioamigavallenar.cl\/index.php?rest_route=%2Fwp%2Fv2%2Fcomments&post=50259"}],"version-history":[{"count":1,"href":"https:\/\/www.radioamigavallenar.cl\/index.php?rest_route=\/wp\/v2\/posts\/50259\/revisions"}],"predecessor-version":[{"id":50260,"href":"https:\/\/www.radioamigavallenar.cl\/index.php?rest_route=\/wp\/v2\/posts\/50259\/revisions\/50260"}],"wp:featuredmedia":[{"embeddable":true,"href":"https:\/\/www.radioamigavallenar.cl\/index.php?rest_route=\/wp\/v2\/media\/26221"}],"wp:attachment":[{"href":"https:\/\/www.radioamigavallenar.cl\/index.php?rest_route=%2Fwp%2Fv2%2Fmedia&parent=50259"}],"wp:term":[{"taxonomy":"category","embeddable":true,"href":"https:\/\/www.radioamigavallenar.cl\/index.php?rest_route=%2Fwp%2Fv2%2Fcategories&post=50259"},{"taxonomy":"post_tag","embeddable":true,"href":"https:\/\/www.radioamigavallenar.cl\/index.php?rest_route=%2Fwp%2Fv2%2Ftags&post=50259"}],"curies":[{"name":"wp","href":"https:\/\/api.w.org\/{rel}","templated":true}]}}