{"id":50257,"date":"2022-02-08T09:47:20","date_gmt":"2022-02-08T12:47:20","guid":{"rendered":"https:\/\/www.radioamigavallenar.cl\/?p=50257"},"modified":"2022-02-08T09:47:20","modified_gmt":"2022-02-08T12:47:20","slug":"pdi-detuvo-a-cuatro-sujetos-por-receptacion","status":"publish","type":"post","link":"https:\/\/www.radioamigavallenar.cl\/?p=50257","title":{"rendered":"PDI detuvo a cuatro sujetos por receptaci\u00f3n"},"content":{"rendered":"<p>Detectives de la Brigada de Investigaci\u00f3n Criminal (BICRIM) de la PDI de Vallenar, detuvieron a tres hombres y una mujer, todos chilenos y mayores de edad, por el delito flagrante de Receptaci\u00f3n.<\/p>\n<p>En relaci\u00f3n a una denuncia cursada en el cuartel policial de la PDI en Vallenar por el delito de Robo en Lugar habitado, detectives recibieron antecedentes para la investigaci\u00f3n, logrando acreditar que en dos domicilios se manten\u00edan especies asociadas al delito, por lo que una vez ingresado a los inmuebles,\u00a0 se logr\u00f3 incautar en el primero de ellos una bicicleta\u00a0 y aud\u00edfonos, mientras que en la segunda vivienda se encontr\u00f3 un televisor, tres notebook y un tel\u00e9fono celular.<\/p>\n<p>Tres de los cuatro detenidos registran antecedentes\u00a0 anteriores por los delitos de infracci\u00f3n a la Ley de Propiedad Intelectual reiterados, Lesiones Menos Graves, infracci\u00f3n a la Ley 20.000, Hurto Falta, Usurpaci\u00f3n, robo y Amenazas.<\/p>\n<p>Los cuatro imputados fueron detenidos y quedaron a disposici\u00f3n del Juzgado de Garant\u00eda de Vallenar.<\/p>\n","protected":false},"excerpt":{"rendered":"<p>Detectives de la Brigada de Investigaci\u00f3n Criminal (BICRIM) de la PDI de Vallenar, detuvieron a tres hombres y una mujer, todos chilenos y mayores de&hellip; <\/p>\n","protected":false},"author":2,"featured_media":27370,"comment_status":"open","ping_status":"closed","sticky":false,"template":"","format":"standard","meta":{"footnotes":""},"categories":[38],"tags":[],"class_list":["post-50257","post","type-post","status-publish","format-standard","has-post-thumbnail","hentry","category-portada-regional"],"_links":{"self":[{"href":"https:\/\/www.radioamigavallenar.cl\/index.php?rest_route=\/wp\/v2\/posts\/50257","targetHints":{"allow":["GET"]}}],"collection":[{"href":"https:\/\/www.radioamigavallenar.cl\/index.php?rest_route=\/wp\/v2\/posts"}],"about":[{"href":"https:\/\/www.radioamigavallenar.cl\/index.php?rest_route=\/wp\/v2\/types\/post"}],"author":[{"embeddable":true,"href":"https:\/\/www.radioamigavallenar.cl\/index.php?rest_route=\/wp\/v2\/users\/2"}],"replies":[{"embeddable":true,"href":"https:\/\/www.radioamigavallenar.cl\/index.php?rest_route=%2Fwp%2Fv2%2Fcomments&post=50257"}],"version-history":[{"count":1,"href":"https:\/\/www.radioamigavallenar.cl\/index.php?rest_route=\/wp\/v2\/posts\/50257\/revisions"}],"predecessor-version":[{"id":50258,"href":"https:\/\/www.radioamigavallenar.cl\/index.php?rest_route=\/wp\/v2\/posts\/50257\/revisions\/50258"}],"wp:featuredmedia":[{"embeddable":true,"href":"https:\/\/www.radioamigavallenar.cl\/index.php?rest_route=\/wp\/v2\/media\/27370"}],"wp:attachment":[{"href":"https:\/\/www.radioamigavallenar.cl\/index.php?rest_route=%2Fwp%2Fv2%2Fmedia&parent=50257"}],"wp:term":[{"taxonomy":"category","embeddable":true,"href":"https:\/\/www.radioamigavallenar.cl\/index.php?rest_route=%2Fwp%2Fv2%2Fcategories&post=50257"},{"taxonomy":"post_tag","embeddable":true,"href":"https:\/\/www.radioamigavallenar.cl\/index.php?rest_route=%2Fwp%2Fv2%2Ftags&post=50257"}],"curies":[{"name":"wp","href":"https:\/\/api.w.org\/{rel}","templated":true}]}}