{"id":50252,"date":"2022-02-08T09:10:54","date_gmt":"2022-02-08T12:10:54","guid":{"rendered":"https:\/\/www.radioamigavallenar.cl\/?p=50252"},"modified":"2022-02-08T09:12:31","modified_gmt":"2022-02-08T12:12:31","slug":"sernameg-e-injuv-atacama-hacen-un-llamado-a-la-no-violencia-en-el-pololeo","status":"publish","type":"post","link":"https:\/\/www.radioamigavallenar.cl\/?p=50252","title":{"rendered":"Sernameg e injuv Atacama hacen un llamado a la no violencia en el Pololeo"},"content":{"rendered":"<p>Con una exposici\u00f3n urbana, se hizo entrega de un mensaje a la comunidad sobre la importancia de prestar atenci\u00f3n a la violencia que sufren hoy los j\u00f3venes en sus relaciones de pololeo y con ello potenciar la prevenci\u00f3n de la problem\u00e1tica, concientizando y sensibilizando de aquellas manifestaciones negativas que ocurren bajo diferentes contextos juveniles, el Servicio Nacional de la Mujer y la Equidad de G\u00e9nero (SernamEG) y el Instituto Nacional de la Juventud (INJUV) conmemoraron este 07 de febrero el D\u00eda de la NO violencia en el Pololeo.<\/p>\n<p>En esta actividad que se realiz\u00f3 en el Parque Schneider de la comuna de Copiap\u00f3, la seremi (s) de SernamEG Atacama, Camila Tapia, indic\u00f3 que el pasado 23 de noviembre del a\u00f1o 2021 fue publicada en el Diario Oficial la Ley N\u00b0 21.393, que establece el 7 de febrero de cada a\u00f1o como el\u00a0D\u00eda\u00a0Nacional por la no\u00a0violencia en el pololeo, con el objetivo de \u00a0concientizar\u00a0a\u00a0la poblaci\u00f3n\u00a0y contrarrestar este tipo de\u00a0violencia.<\/p>\n<p>Los mecanismos de denuncia, ante este tipo de violencia, es a trav\u00e9s de la Polic\u00eda de Investigaciones (PDI), Carabineros, Fiscal\u00eda, al fono de orientaci\u00f3n para mujeres v\u00edctimas de violencia 1455, redes sociales o dirigirse a las oficinas de SernamEG m\u00e1s cercana, indic\u00f3 la autoridad.<\/p>\n<p>Por su parte, Francisca Z\u00e1rate, directora del INJUV Atacama, manifest\u00f3 que el instituto cumple el rol de apoyo psicol\u00f3gico, a trav\u00e9s del chat \u201cHablemos de Todo\u201d, canal de atenci\u00f3n digital dirigido a j\u00f3venes de 15 a 29 a\u00f1os que lo necesiten, a fin de disminuir y prevenir acciones de violencia.<\/p>\n<p>El a\u00f1o pasado fallecieron 20 j\u00f3venes, v\u00edctimas de femicidio, y espera que este a\u00f1o 2022 con todas las medidas y canales adaptaci\u00f3n en la concientizaci\u00f3n sobre la violencia entre j\u00f3venes, esta conducta disminuya.<\/p>\n","protected":false},"excerpt":{"rendered":"<p>Con una exposici\u00f3n urbana, se hizo entrega de un mensaje a la comunidad sobre la importancia de prestar atenci\u00f3n a la violencia que sufren hoy&hellip; <\/p>\n","protected":false},"author":2,"featured_media":50253,"comment_status":"open","ping_status":"closed","sticky":false,"template":"","format":"standard","meta":{"footnotes":""},"categories":[38],"tags":[],"class_list":["post-50252","post","type-post","status-publish","format-standard","has-post-thumbnail","hentry","category-portada-regional"],"_links":{"self":[{"href":"https:\/\/www.radioamigavallenar.cl\/index.php?rest_route=\/wp\/v2\/posts\/50252","targetHints":{"allow":["GET"]}}],"collection":[{"href":"https:\/\/www.radioamigavallenar.cl\/index.php?rest_route=\/wp\/v2\/posts"}],"about":[{"href":"https:\/\/www.radioamigavallenar.cl\/index.php?rest_route=\/wp\/v2\/types\/post"}],"author":[{"embeddable":true,"href":"https:\/\/www.radioamigavallenar.cl\/index.php?rest_route=\/wp\/v2\/users\/2"}],"replies":[{"embeddable":true,"href":"https:\/\/www.radioamigavallenar.cl\/index.php?rest_route=%2Fwp%2Fv2%2Fcomments&post=50252"}],"version-history":[{"count":3,"href":"https:\/\/www.radioamigavallenar.cl\/index.php?rest_route=\/wp\/v2\/posts\/50252\/revisions"}],"predecessor-version":[{"id":50256,"href":"https:\/\/www.radioamigavallenar.cl\/index.php?rest_route=\/wp\/v2\/posts\/50252\/revisions\/50256"}],"wp:featuredmedia":[{"embeddable":true,"href":"https:\/\/www.radioamigavallenar.cl\/index.php?rest_route=\/wp\/v2\/media\/50253"}],"wp:attachment":[{"href":"https:\/\/www.radioamigavallenar.cl\/index.php?rest_route=%2Fwp%2Fv2%2Fmedia&parent=50252"}],"wp:term":[{"taxonomy":"category","embeddable":true,"href":"https:\/\/www.radioamigavallenar.cl\/index.php?rest_route=%2Fwp%2Fv2%2Fcategories&post=50252"},{"taxonomy":"post_tag","embeddable":true,"href":"https:\/\/www.radioamigavallenar.cl\/index.php?rest_route=%2Fwp%2Fv2%2Ftags&post=50252"}],"curies":[{"name":"wp","href":"https:\/\/api.w.org\/{rel}","templated":true}]}}