{"id":50250,"date":"2022-02-08T09:00:32","date_gmt":"2022-02-08T12:00:32","guid":{"rendered":"https:\/\/www.radioamigavallenar.cl\/?p=50250"},"modified":"2022-02-08T09:00:32","modified_gmt":"2022-02-08T12:00:32","slug":"5-comunas-de-atacama-seran-parte-de-la-decima-encuesta-nacional-de-la-juventud","status":"publish","type":"post","link":"https:\/\/www.radioamigavallenar.cl\/?p=50250","title":{"rendered":"5 comunas de Atacama ser\u00e1n parte de la D\u00e9cima Encuesta Nacional de la Juventud"},"content":{"rendered":"<p>A m\u00e1s de 400 j\u00f3venes entre 15 a 29 a\u00f1os y adultos se espera llegar con la D\u00e9cima Encuesta Nacional de Juventud en la regi\u00f3n de Atacama, un estudio que realiza el Instituto Nacional de la Juventud (Injuv) cada tres a\u00f1os y que levanta informaci\u00f3n acerca de temas como educaci\u00f3n, vivienda, trabajo, salud, sexualidad y violencia, entre otros.<\/p>\n<p>En esta oportunidad la adjudicaci\u00f3n de la encuesta la obtuvo a nivel nacional la empresa Ipsos, quienes se encargaran de realizar el trabajo de campo que se extender\u00e1 por los pr\u00f3ximos meses y que en Atacama est\u00e1 a cargo de Mar\u00eda Soledad Reyes Cornide, profesional que lleva 12 a\u00f1os trabajando con la empresa y que liderara un equipo de 7 personas que estar\u00e1n utilizando credenciales y percheras en terreno, quien en la presentaci\u00f3n de la Encuesta indic\u00f3 que \u201c Nosotros aplicamos las encuesta, pero no ingresamos a los hogares y estaremos en las comunas de Caldera , Copiap\u00f3, Tierra Amarilla, Vallenar y Freirina, y este pr\u00f3ximo martes estaremos en terreno junto con la Directora Regional de Injuv y esperamos la colaboraci\u00f3n de los j\u00f3venes y sus familias.\u201d<\/p>\n<p>INJUV<\/p>\n<p>Por su parte Francisca Z\u00e1rate, directora de Injuv indic\u00f3 \u201cLa Encuesta Nacional de Juventud se trata de una radiograf\u00eda de las juventudes para conocerlas en mayor profundidad y as\u00ed retroalimentar al Estado de informaci\u00f3n que permitir\u00e1 dise\u00f1ar pol\u00edticas p\u00fablicas con un mayor \u00e9nfasis en las necesidades y problem\u00e1ticas levantadas por este estudio. Nosotros nos reunimos con el equipo de Ipsos y con su encargada en nuestra regi\u00f3n, porque consideramos pertinente que la ciudadan\u00eda conozca los rostros que estar\u00e1n a cargo y tengan la seguridad de que quien los debe encuestar deber\u00e1 siempre contar con la credencial, una carta informativa y la perchera con la que ustedes pueden apreciar a Mar\u00eda Soledad, quien esperamos la reciban con el respeto que merece al igual que su equipo\u00bb, puntualiz\u00f3.<\/p>\n","protected":false},"excerpt":{"rendered":"<p>A m\u00e1s de 400 j\u00f3venes entre 15 a 29 a\u00f1os y adultos se espera llegar con la D\u00e9cima Encuesta Nacional de Juventud en la regi\u00f3n&hellip; <\/p>\n","protected":false},"author":2,"featured_media":35777,"comment_status":"open","ping_status":"closed","sticky":false,"template":"","format":"standard","meta":{"footnotes":""},"categories":[38],"tags":[],"class_list":["post-50250","post","type-post","status-publish","format-standard","has-post-thumbnail","hentry","category-portada-regional"],"_links":{"self":[{"href":"https:\/\/www.radioamigavallenar.cl\/index.php?rest_route=\/wp\/v2\/posts\/50250","targetHints":{"allow":["GET"]}}],"collection":[{"href":"https:\/\/www.radioamigavallenar.cl\/index.php?rest_route=\/wp\/v2\/posts"}],"about":[{"href":"https:\/\/www.radioamigavallenar.cl\/index.php?rest_route=\/wp\/v2\/types\/post"}],"author":[{"embeddable":true,"href":"https:\/\/www.radioamigavallenar.cl\/index.php?rest_route=\/wp\/v2\/users\/2"}],"replies":[{"embeddable":true,"href":"https:\/\/www.radioamigavallenar.cl\/index.php?rest_route=%2Fwp%2Fv2%2Fcomments&post=50250"}],"version-history":[{"count":1,"href":"https:\/\/www.radioamigavallenar.cl\/index.php?rest_route=\/wp\/v2\/posts\/50250\/revisions"}],"predecessor-version":[{"id":50251,"href":"https:\/\/www.radioamigavallenar.cl\/index.php?rest_route=\/wp\/v2\/posts\/50250\/revisions\/50251"}],"wp:featuredmedia":[{"embeddable":true,"href":"https:\/\/www.radioamigavallenar.cl\/index.php?rest_route=\/wp\/v2\/media\/35777"}],"wp:attachment":[{"href":"https:\/\/www.radioamigavallenar.cl\/index.php?rest_route=%2Fwp%2Fv2%2Fmedia&parent=50250"}],"wp:term":[{"taxonomy":"category","embeddable":true,"href":"https:\/\/www.radioamigavallenar.cl\/index.php?rest_route=%2Fwp%2Fv2%2Fcategories&post=50250"},{"taxonomy":"post_tag","embeddable":true,"href":"https:\/\/www.radioamigavallenar.cl\/index.php?rest_route=%2Fwp%2Fv2%2Ftags&post=50250"}],"curies":[{"name":"wp","href":"https:\/\/api.w.org\/{rel}","templated":true}]}}