{"id":50247,"date":"2022-02-08T08:37:01","date_gmt":"2022-02-08T11:37:01","guid":{"rendered":"https:\/\/www.radioamigavallenar.cl\/?p=50247"},"modified":"2022-02-08T08:37:01","modified_gmt":"2022-02-08T11:37:01","slug":"la-inflacion-aumento-12-por-ciento-en-enero-y-acumula-un-alza-de-77-puntos-en-12-meses","status":"publish","type":"post","link":"https:\/\/www.radioamigavallenar.cl\/?p=50247","title":{"rendered":"La inflaci\u00f3n aument\u00f3 1,2 por ciento en enero y acumula un alza de 7,7 puntos en 12 meses"},"content":{"rendered":"<div class=\"mvp-post-soc-wrap left relative\">\n<p>Entre las divisiones con alzas en sus precios destacaron transporte (2,8%) y alimentos y bebidas no alcoh\u00f3licas (1,6%).<\/p>\n<\/div>\n<div class=\"mvp-post-soc-in\">\n<div id=\"mvp-content-body\" class=\"left relative\">\n<div id=\"mvp-content-body-top\" class=\"left relative\">\n<div id=\"mvp-content-main\" class=\"left relative\">\n<p>&nbsp;<\/p>\n<p>El\u00a0Instituto Nacional de Estad\u00edsticas\u00a0inform\u00f3 este martes que durante el primer mes de este a\u00f1o la inflaci\u00f3n registr\u00f3 un aumento de 1,2 por ciento, y\u00a0a 12 meses acumula un alza de 7,7 puntos porcentuales.<\/p>\n<p>\u00abEn enero de 2022, el\u00a0\u00cdndice de Precios al Consumidor (IPC)\u00a0anot\u00f3 un incremento mensual de 1,2%, una variaci\u00f3n acumulada de 1,2% en lo que va del a\u00f1o y un\u00a0alza a doce meses de 7,7%\u00bb, report\u00f3 el INE.<\/p>\n<p>La instituci\u00f3n destac\u00f3 que \u00abonce de las doce divisiones que conforman la canasta del IPC aportaron incidencias positivas\u00a0en la variaci\u00f3n mensual del \u00edndice y una present\u00f3 incidencia negativa\u00bb.<\/p>\n<p>\u00abDestacaron las alzas de transporte y de alimentos y bebidas no alcoh\u00f3licas\u00bb; en concreto,\u00a0transporte subi\u00f3 un 2,8 por ciento; y el \u00edtem\u00a0alimentos y bebidas no alcoh\u00f3licas elev\u00f3 sus precios en 1,6 por ciento.<\/p>\n<\/div>\n<\/div>\n<\/div>\n<\/div>\n","protected":false},"excerpt":{"rendered":"<p>Entre las divisiones con alzas en sus precios destacaron transporte (2,8%) y alimentos y bebidas no alcoh\u00f3licas (1,6%). &nbsp; El\u00a0Instituto Nacional de Estad\u00edsticas\u00a0inform\u00f3 este martes&hellip; <\/p>\n","protected":false},"author":2,"featured_media":50248,"comment_status":"open","ping_status":"closed","sticky":false,"template":"","format":"standard","meta":{"footnotes":""},"categories":[37],"tags":[],"class_list":["post-50247","post","type-post","status-publish","format-standard","has-post-thumbnail","hentry","category-nacional"],"_links":{"self":[{"href":"https:\/\/www.radioamigavallenar.cl\/index.php?rest_route=\/wp\/v2\/posts\/50247","targetHints":{"allow":["GET"]}}],"collection":[{"href":"https:\/\/www.radioamigavallenar.cl\/index.php?rest_route=\/wp\/v2\/posts"}],"about":[{"href":"https:\/\/www.radioamigavallenar.cl\/index.php?rest_route=\/wp\/v2\/types\/post"}],"author":[{"embeddable":true,"href":"https:\/\/www.radioamigavallenar.cl\/index.php?rest_route=\/wp\/v2\/users\/2"}],"replies":[{"embeddable":true,"href":"https:\/\/www.radioamigavallenar.cl\/index.php?rest_route=%2Fwp%2Fv2%2Fcomments&post=50247"}],"version-history":[{"count":1,"href":"https:\/\/www.radioamigavallenar.cl\/index.php?rest_route=\/wp\/v2\/posts\/50247\/revisions"}],"predecessor-version":[{"id":50249,"href":"https:\/\/www.radioamigavallenar.cl\/index.php?rest_route=\/wp\/v2\/posts\/50247\/revisions\/50249"}],"wp:featuredmedia":[{"embeddable":true,"href":"https:\/\/www.radioamigavallenar.cl\/index.php?rest_route=\/wp\/v2\/media\/50248"}],"wp:attachment":[{"href":"https:\/\/www.radioamigavallenar.cl\/index.php?rest_route=%2Fwp%2Fv2%2Fmedia&parent=50247"}],"wp:term":[{"taxonomy":"category","embeddable":true,"href":"https:\/\/www.radioamigavallenar.cl\/index.php?rest_route=%2Fwp%2Fv2%2Fcategories&post=50247"},{"taxonomy":"post_tag","embeddable":true,"href":"https:\/\/www.radioamigavallenar.cl\/index.php?rest_route=%2Fwp%2Fv2%2Ftags&post=50247"}],"curies":[{"name":"wp","href":"https:\/\/api.w.org\/{rel}","templated":true}]}}