{"id":50067,"date":"2022-02-02T10:16:15","date_gmt":"2022-02-02T13:16:15","guid":{"rendered":"https:\/\/www.radioamigavallenar.cl\/?p=50067"},"modified":"2022-02-02T10:16:15","modified_gmt":"2022-02-02T13:16:15","slug":"covid-19-12-mil-funcionarios-de-salud-no-han-completado-su-esquema-de-vacunacion","status":"publish","type":"post","link":"https:\/\/www.radioamigavallenar.cl\/?p=50067","title":{"rendered":"Covid-19: 12 mil funcionarios de salud no han completado su esquema de vacunaci\u00f3n"},"content":{"rendered":"<div id=\"extracto\" class=\"post-excerpt\">\n<p>Pese a todos los llamados que ha realizado el Ministerio de Salud a la poblaci\u00f3n para que se vacunen,\u00a0 Seg\u00fan el listado, 12 mil funcionarios de aproximadamente 300 mil, dijeron NO a la vacuna anti covid. Este martes 1 de febrero se dieron a conocer 22.192 casos nuevos de covid-19. El total llega a los 113.734 activos.<\/p>\n<\/div>\n<div class=\"banners-contenido-nota-5200154\">\n<p>Hace casi un a\u00f1o, el 3 de febrero de 2021, se dio inicio a la campa\u00f1a masiva de vacunaci\u00f3n en Chile y fue con el personal de salud el grupo con que se comenz\u00f3.<\/p>\n<p>Desde entonces, la preocupaci\u00f3n por los que se encuentran en la llamada \u201cprimera l\u00ednea\u201d ha sido la prioridad para el Ministerio de Salud. Y por esto el 17 de enero el gobierno anunci\u00f3 el adelanto de la cuarta dosis para estos funcionarios, la cual comenz\u00f3 el d\u00eda 20 del mes pasado.<\/p>\n<p>Pero \u00bftienen todos su esquema de vacunaci\u00f3n completo? Hasta el 25 de enero del 2022, seg\u00fan datos del Ministerio de Salud,\u00a0<strong>el 4% de los 300 mil funcionarios<\/strong>\u00a0aproximadamente de los Servicios de Salud y Atenci\u00f3n Primaria de Salud(APS) no cuentan con el esquema de vacunaci\u00f3n completo. Y un 96% s\u00ed.<\/p>\n<p>Cifra que es valorada por las autoridades de Salud. El\u00a0<strong>subsecretario(s) de\u00a0<a href=\"https:\/\/www.minsal.cl\/subsecretario-de-redes-asistenciales\/\">Redes Asistenciales<\/a>, Nicol\u00e1s Duhalde<\/strong>, da cuenta de que con \u201cel objetivo de disminuir la probabilidad de contagios en los establecimientos de la Red Integrada de Salud, nuestras funcionarias y funcionarios siempre han sido parte de los grupos objetivos que hemos priorizado en el Plan Nacional de Vacunaci\u00f3n contra el SARS-CoV-2.<\/p>\n<p>Este esfuerzo se ha visto reflejado en las cifras,\u00a0<strong class=\"destacador\">puesto que al 25 de enero de 2022 el 96% de los funcionarios de los Servicios de Salud y de la Atenci\u00f3n Primaria de Salud (APS) municipal cuenta con su esquema de vacunaci\u00f3n completo.<\/strong>\u00a0El trabajo, compromiso y vocaci\u00f3n de servicio p\u00fablico del personal de salud ha sido decisivo para controlar la pandemia, por lo que seguiremos velando por su salud y la de toda la poblaci\u00f3n\u201d.<\/p>\n<p>Desde el ministerio explican que si bien no se puede entregar una cifra exacta del total de funcionarios es por una raz\u00f3n simple: cada tres meses se eval\u00faan las distintas estrategias y de acuerdo a las necesidades se renuevan los contratos o se termina alguno de ellos. Y enfatizan en que el n\u00famero var\u00eda dependiendo de las estrategias para enfrentar el covid-19 y que muchas veces son los mismos que terminaron su contrato, los que vuelven a trabajar en el sistema de salud.<\/p>\n<p>Al preguntar por el destino y la ocupaci\u00f3n de los funcionarios no vacunados, la informaci\u00f3n no fue entregada por la autoridad bajo el argumento del dinamismo de la dotaci\u00f3n.<\/p>\n<\/div>\n","protected":false},"excerpt":{"rendered":"<p>Pese a todos los llamados que ha realizado el Ministerio de Salud a la poblaci\u00f3n para que se vacunen,\u00a0 Seg\u00fan el listado, 12 mil funcionarios&hellip; <\/p>\n","protected":false},"author":2,"featured_media":30145,"comment_status":"open","ping_status":"closed","sticky":false,"template":"","format":"standard","meta":{"footnotes":""},"categories":[37],"tags":[],"class_list":["post-50067","post","type-post","status-publish","format-standard","has-post-thumbnail","hentry","category-nacional"],"_links":{"self":[{"href":"https:\/\/www.radioamigavallenar.cl\/index.php?rest_route=\/wp\/v2\/posts\/50067","targetHints":{"allow":["GET"]}}],"collection":[{"href":"https:\/\/www.radioamigavallenar.cl\/index.php?rest_route=\/wp\/v2\/posts"}],"about":[{"href":"https:\/\/www.radioamigavallenar.cl\/index.php?rest_route=\/wp\/v2\/types\/post"}],"author":[{"embeddable":true,"href":"https:\/\/www.radioamigavallenar.cl\/index.php?rest_route=\/wp\/v2\/users\/2"}],"replies":[{"embeddable":true,"href":"https:\/\/www.radioamigavallenar.cl\/index.php?rest_route=%2Fwp%2Fv2%2Fcomments&post=50067"}],"version-history":[{"count":1,"href":"https:\/\/www.radioamigavallenar.cl\/index.php?rest_route=\/wp\/v2\/posts\/50067\/revisions"}],"predecessor-version":[{"id":50068,"href":"https:\/\/www.radioamigavallenar.cl\/index.php?rest_route=\/wp\/v2\/posts\/50067\/revisions\/50068"}],"wp:featuredmedia":[{"embeddable":true,"href":"https:\/\/www.radioamigavallenar.cl\/index.php?rest_route=\/wp\/v2\/media\/30145"}],"wp:attachment":[{"href":"https:\/\/www.radioamigavallenar.cl\/index.php?rest_route=%2Fwp%2Fv2%2Fmedia&parent=50067"}],"wp:term":[{"taxonomy":"category","embeddable":true,"href":"https:\/\/www.radioamigavallenar.cl\/index.php?rest_route=%2Fwp%2Fv2%2Fcategories&post=50067"},{"taxonomy":"post_tag","embeddable":true,"href":"https:\/\/www.radioamigavallenar.cl\/index.php?rest_route=%2Fwp%2Fv2%2Ftags&post=50067"}],"curies":[{"name":"wp","href":"https:\/\/api.w.org\/{rel}","templated":true}]}}