{"id":50062,"date":"2022-02-02T10:09:27","date_gmt":"2022-02-02T13:09:27","guid":{"rendered":"https:\/\/www.radioamigavallenar.cl\/?p=50062"},"modified":"2022-02-02T10:09:27","modified_gmt":"2022-02-02T13:09:27","slug":"2021-anoto-alza-de-detecciones-de-plagas-en-embarcaciones-llegadas-a-atacama","status":"publish","type":"post","link":"https:\/\/www.radioamigavallenar.cl\/?p=50062","title":{"rendered":"2021 anot\u00f3 alza de detecciones de plagas en embarcaciones llegadas a Atacama"},"content":{"rendered":"<div id=\"mvp-content-main\" class=\"left relative\">\n<p class=\"m_-2011270597495492825MsoNoSpacing\"><span lang=\"ES\">Producto de las acciones de inspecci\u00f3n fitosanitaria a embarcaciones arribadas desde el extranjero a los puertos regionales durante 2021, personal del Servicio Agr\u00edcola y Ganadero (SAG) detect\u00f3 masas de huevos de insectos en 14 naves, de un total de 113 inspeccionadas, identific\u00e1ndose la presencia de diversas plagas ausentes del pa\u00eds.<u><\/u><u><\/u><\/span><\/p>\n<p class=\"m_-2011270597495492825MsoNoSpacing\"><span lang=\"ES\"><u><\/u>\u00a0<u><\/u><\/span><span lang=\"ES\">Al respecto, director regional (s) del SAG, Cristian Sotomayor Meyer, se\u00f1al\u00f3 que el a\u00f1o pasado fueron recepcionados en la regi\u00f3n un n\u00famero mayor de barcos al de 2020, lo que marc\u00f3 un alza en las detecciones, las que en su mayor\u00eda implicaron el tratamiento de fumigaci\u00f3n fitosanitaria de las embarcaciones.<u><\/u><u><\/u><\/span><\/p>\n<p class=\"m_-2011270597495492825MsoNoSpacing\"><span lang=\"ES\">\u201cLas detecciones subieron en 2021, lo que por una parte reflejan la labor eficiente de los\/as inspectores\/as del SAG, y tambi\u00e9n nos permite evaluar la presi\u00f3n de ingreso de plagas por esta v\u00eda cada a\u00f1o, y\u00a0<\/span><span lang=\"ES\">determinar las estrategias de prospecci\u00f3n, sistemas de vigilancia y trampeo, con el objetivo de detectar de manera precoz el ingreso de plagas de importancia<\/span><span lang=\"ES\">\u201d.<u><\/u><u><\/u><\/span><\/p>\n<p class=\"m_-2011270597495492825MsoNoSpacing\"><span lang=\"ES\"><u><\/u>\u00a0<u><\/u><\/span><span lang=\"ES\">Indic\u00f3 que, al igual que a\u00f1os anteriores, el \u00e9nfasis del Servicio estuvo puesto en naves provenientes de Asia, zona con presencia de la plaga \u201cpolilla gitana\u201d (<i>Lymantria dispar<\/i>), de importancia econ\u00f3mica, inspeccion\u00e1ndose 93 embarcaciones arribadas desde esta regi\u00f3n, no identific\u00e1ndose indicios del insecto.<u><\/u><u><\/u><\/span><\/p>\n<p class=\"m_-2011270597495492825MsoNoSpacing\"><span lang=\"ES\"><u><\/u>\u00a0<u><\/u><\/span><span lang=\"ES\">Durante el a\u00f1o 2021 fueron recepcionadas presencial y documentalmente un total de 289 naves en los puertos de Huasco, Caldera, Totoralillo y Barquito, lo que equivale a un aumento de un 8,2 por ciento en comparaci\u00f3n con el a\u00f1o 2020.<u><\/u><u><\/u><\/span><span lang=\"ES\">\u00a0<u><\/u><u><\/u><\/span><\/p>\n<p class=\"m_-2011270597495492825MsoNoSpacing\"><span lang=\"ES\">En lo que respecta a la detecci\u00f3n y decomiso de productos de origen animal o vegetal con riesgo de portar plagas o enfermedades fito y zoosanitarias, Sotomayor indic\u00f3 que \u201cdurante todo el a\u00f1o pasado se interceptaron 61 kilos, disminuyendo un 75 por ciento en comparaci\u00f3n al a\u00f1o 2020, b\u00e1sicamente debido a que los pasos fronterizos terrestres continuaron cerrados por la pandemia durante casi la totalidad del a\u00f1o\u201d.<u><\/u><u><\/u><\/span><span lang=\"ES\"><u><\/u>\u00a0<u><\/u><\/span><\/p>\n<p class=\"m_-2011270597495492825MsoNoSpacing\"><span lang=\"ES\">Resalt\u00f3 que \u201clos esfuerzos del SAG se concentran en entregar un servicio t\u00e9cnico de calidad por parte de nuestros funcionarios, con el prop\u00f3sito de resguardar el patrimonio fito y zoosanitario nacional\u201d.<u><\/u><u><\/u><\/span><span lang=\"ES\"><u><\/u>\u00a0<u><\/u><\/span><\/p>\n<p class=\"m_-2011270597495492825MsoNoSpacing\"><span lang=\"ES\">El flujo anual de naves en la regi\u00f3n de Atacama est\u00e1 asociado principalmente a la actividad minera, el abastecimiento de plantas termoel\u00e9ctricas y de generaci\u00f3n de energ\u00edas renovables. A ellos se agrega la recepci\u00f3n de barcos para exportaci\u00f3n de productos hortofrut\u00edcolas, espec\u00edficamente en el puerto de Caldera.<\/span><\/p>\n<\/div>\n<div id=\"mvp-content-bot\" class=\"left\">\n<div class=\"mvp-post-tags\"><\/div>\n<\/div>\n","protected":false},"excerpt":{"rendered":"<p>Producto de las acciones de inspecci\u00f3n fitosanitaria a embarcaciones arribadas desde el extranjero a los puertos regionales durante 2021, personal del Servicio Agr\u00edcola y Ganadero&hellip; <\/p>\n","protected":false},"author":2,"featured_media":50063,"comment_status":"open","ping_status":"closed","sticky":false,"template":"","format":"standard","meta":{"footnotes":""},"categories":[38],"tags":[],"class_list":["post-50062","post","type-post","status-publish","format-standard","has-post-thumbnail","hentry","category-portada-regional"],"_links":{"self":[{"href":"https:\/\/www.radioamigavallenar.cl\/index.php?rest_route=\/wp\/v2\/posts\/50062","targetHints":{"allow":["GET"]}}],"collection":[{"href":"https:\/\/www.radioamigavallenar.cl\/index.php?rest_route=\/wp\/v2\/posts"}],"about":[{"href":"https:\/\/www.radioamigavallenar.cl\/index.php?rest_route=\/wp\/v2\/types\/post"}],"author":[{"embeddable":true,"href":"https:\/\/www.radioamigavallenar.cl\/index.php?rest_route=\/wp\/v2\/users\/2"}],"replies":[{"embeddable":true,"href":"https:\/\/www.radioamigavallenar.cl\/index.php?rest_route=%2Fwp%2Fv2%2Fcomments&post=50062"}],"version-history":[{"count":1,"href":"https:\/\/www.radioamigavallenar.cl\/index.php?rest_route=\/wp\/v2\/posts\/50062\/revisions"}],"predecessor-version":[{"id":50064,"href":"https:\/\/www.radioamigavallenar.cl\/index.php?rest_route=\/wp\/v2\/posts\/50062\/revisions\/50064"}],"wp:featuredmedia":[{"embeddable":true,"href":"https:\/\/www.radioamigavallenar.cl\/index.php?rest_route=\/wp\/v2\/media\/50063"}],"wp:attachment":[{"href":"https:\/\/www.radioamigavallenar.cl\/index.php?rest_route=%2Fwp%2Fv2%2Fmedia&parent=50062"}],"wp:term":[{"taxonomy":"category","embeddable":true,"href":"https:\/\/www.radioamigavallenar.cl\/index.php?rest_route=%2Fwp%2Fv2%2Fcategories&post=50062"},{"taxonomy":"post_tag","embeddable":true,"href":"https:\/\/www.radioamigavallenar.cl\/index.php?rest_route=%2Fwp%2Fv2%2Ftags&post=50062"}],"curies":[{"name":"wp","href":"https:\/\/api.w.org\/{rel}","templated":true}]}}