{"id":49455,"date":"2022-01-15T06:00:47","date_gmt":"2022-01-15T09:00:47","guid":{"rendered":"https:\/\/www.radioamigavallenar.cl\/?p=49455"},"modified":"2022-01-14T18:18:39","modified_gmt":"2022-01-14T21:18:39","slug":"en-declaracion-publica-el-ministerio-de-mineria-lamenta-la-desinformacion-en-la-licitacion-internacional-del-litio-y-reitera-que-acogieron-todos-los-planteamientos-del-futuro-gobiern","status":"publish","type":"post","link":"https:\/\/www.radioamigavallenar.cl\/?p=49455","title":{"rendered":"En declaraci\u00f3n p\u00fablica el Ministerio de Miner\u00eda \u201clamenta la desinformaci\u00f3n\u201d en la licitaci\u00f3n internacional del litio y reitera que acogieron todos los planteamientos del futuro gobierno"},"content":{"rendered":"<p><strong>El Ministerio de Miner\u00eda lamenta la desinformaci\u00f3n que se ha producido posterior al anuncio de la licitaci\u00f3n internacional del litio.<\/strong><\/p>\n<p>Al notificar la adjudicaci\u00f3n, el ministro Juan Carlos Jobet se\u00f1al\u00f3 que en la decisi\u00f3n se acogieron todos los puntos planteados en dicho encuentro.<\/p>\n<p>De hecho, en minuta enviada al Ministerio de Miner\u00eda por los propios asistentes dice textualmente: \u201cNuestra postura de cara a la reuni\u00f3n con el ministro Jobet era poder abrir un espacio para incorporar mejoras a la licitaci\u00f3n en curso. Las se\u00f1ales que se dieron p\u00fablicamente apuntaban en esa direcci\u00f3n: postergar la adjudicaci\u00f3n para incorporar una serie de criterios que est\u00e1n hoy ausentes en el proceso\u201d.<\/p>\n<p>El documento agrega: \u201cEn la reuni\u00f3n se abord\u00f3 la dificultad para postergar la adjudicaci\u00f3n,\u00a0<strong>pero se abri\u00f3 el espacio que busc\u00e1bamos, de acuerdo a la siguiente propuesta (acordada durante la reuni\u00f3n)\u201d.<\/strong><\/p>\n<p>Luego se detallan los planteamientos del Gobierno entrante: \u201ca) Incorporar en el proceso actual criterios de generaci\u00f3n de valor local, b) Retribuci\u00f3n a las comunidades, c) Inversi\u00f3n en I+D\u201d.<\/p>\n<p>Agregan: \u201clos puntos (a) y (b) se abordar\u00e1n a trav\u00e9s de los Contratos Especiales de Operaci\u00f3n del Litio (CEOL) que se suscriban. El ideal hubiera sido incorporarlos como criterios de la licitaci\u00f3n, pero dado lo avanzado del proceso (ya se presentaron las ofertas) ya no es posible. El punto (c) se desarrollar\u00e1 a partir de una Pol\u00edtica Nacional del Litio\u201d.<\/p>\n<p>Tambi\u00e9n se propuso \u201cconformar una Mesa de Trabajo del Litio y acordar participantes\u201d y que \u201cla Mesa de Trabajo tendr\u00e1 como objetivo velar por la inclusi\u00f3n de los criterios (a) y (b) en los Contratos Especiales de Operaci\u00f3n que se suscriban y adem\u00e1s dar inicio a la discusi\u00f3n de una Pol\u00edtica Nacional del Litio\u201d.<\/p>\n<p>Dado todo lo anterior, lo dicho por el Ministerio de Miner\u00eda es estrictamente correcto.<\/p>\n<p>\u201cQueremos una transici\u00f3n republicana. Siempre he buscado los acuerdos. En ese esp\u00edritu nos juntamos con el equipo del Presidente electo y acordamos aspectos muy razonables, que est\u00e1n transcritos en un acta hecha por ellos mismos. Todo eso lo acogimos. Porque queremos que Chile d\u00e9 una se\u00f1al de continuidad, una mirada de Estado\u201d, sostuvo el biministro de Energ\u00eda y Miner\u00eda, Juan Carlos Jobet.<\/p>\n<p>Por \u00faltimo, reafirmamos la disposici\u00f3n del Gobierno a conformar con la oposici\u00f3n una Mesa Nacional del Litio para elaborar una estrategia de desarrollo de esta industria, con una mirada de Estado y de largo plazo.<\/p>\n","protected":false},"excerpt":{"rendered":"<p>El Ministerio de Miner\u00eda lamenta la desinformaci\u00f3n que se ha producido posterior al anuncio de la licitaci\u00f3n internacional del litio. Al notificar la adjudicaci\u00f3n, el&hellip; <\/p>\n","protected":false},"author":2,"featured_media":49229,"comment_status":"open","ping_status":"closed","sticky":false,"template":"","format":"standard","meta":{"footnotes":""},"categories":[38],"tags":[],"class_list":["post-49455","post","type-post","status-publish","format-standard","has-post-thumbnail","hentry","category-portada-regional"],"_links":{"self":[{"href":"https:\/\/www.radioamigavallenar.cl\/index.php?rest_route=\/wp\/v2\/posts\/49455","targetHints":{"allow":["GET"]}}],"collection":[{"href":"https:\/\/www.radioamigavallenar.cl\/index.php?rest_route=\/wp\/v2\/posts"}],"about":[{"href":"https:\/\/www.radioamigavallenar.cl\/index.php?rest_route=\/wp\/v2\/types\/post"}],"author":[{"embeddable":true,"href":"https:\/\/www.radioamigavallenar.cl\/index.php?rest_route=\/wp\/v2\/users\/2"}],"replies":[{"embeddable":true,"href":"https:\/\/www.radioamigavallenar.cl\/index.php?rest_route=%2Fwp%2Fv2%2Fcomments&post=49455"}],"version-history":[{"count":1,"href":"https:\/\/www.radioamigavallenar.cl\/index.php?rest_route=\/wp\/v2\/posts\/49455\/revisions"}],"predecessor-version":[{"id":49456,"href":"https:\/\/www.radioamigavallenar.cl\/index.php?rest_route=\/wp\/v2\/posts\/49455\/revisions\/49456"}],"wp:featuredmedia":[{"embeddable":true,"href":"https:\/\/www.radioamigavallenar.cl\/index.php?rest_route=\/wp\/v2\/media\/49229"}],"wp:attachment":[{"href":"https:\/\/www.radioamigavallenar.cl\/index.php?rest_route=%2Fwp%2Fv2%2Fmedia&parent=49455"}],"wp:term":[{"taxonomy":"category","embeddable":true,"href":"https:\/\/www.radioamigavallenar.cl\/index.php?rest_route=%2Fwp%2Fv2%2Fcategories&post=49455"},{"taxonomy":"post_tag","embeddable":true,"href":"https:\/\/www.radioamigavallenar.cl\/index.php?rest_route=%2Fwp%2Fv2%2Ftags&post=49455"}],"curies":[{"name":"wp","href":"https:\/\/api.w.org\/{rel}","templated":true}]}}