{"id":4944,"date":"2017-06-01T09:00:26","date_gmt":"2017-06-01T12:00:26","guid":{"rendered":"http:\/\/www.radioamigavallenar.cl\/?p=4944"},"modified":"2017-06-01T10:01:10","modified_gmt":"2017-06-01T13:01:10","slug":"vallenar-contara-con-talleres-gratis-de-voleibol-y-basquetbol-para-jovenes-gracias-al-fondeporte","status":"publish","type":"post","link":"https:\/\/www.radioamigavallenar.cl\/?p=4944","title":{"rendered":"Vallenar contar\u00e1 con talleres gratis de voleibol y basquetbol para j\u00f3venes gracias al Fondeporte"},"content":{"rendered":"<p style=\"text-align: center;\"><a href=\"http:\/\/www.radioamigavallenar.cl\/wp-content\/uploads\/2017\/06\/AFICHE-VOLEIBOL.jpg\"><img loading=\"lazy\" decoding=\"async\" class=\"alignnone size-medium wp-image-4945\" src=\"http:\/\/www.radioamigavallenar.cl\/wp-content\/uploads\/2017\/06\/AFICHE-VOLEIBOL-300x203.jpg\" alt=\"AFICHE VOLEIBOL\" width=\"300\" height=\"203\" srcset=\"https:\/\/www.radioamigavallenar.cl\/wp-content\/uploads\/2017\/06\/AFICHE-VOLEIBOL-300x203.jpg 300w, https:\/\/www.radioamigavallenar.cl\/wp-content\/uploads\/2017\/06\/AFICHE-VOLEIBOL.jpg 700w\" sizes=\"auto, (max-width: 300px) 100vw, 300px\" \/><\/a><\/p>\n<p style=\"text-align: justify;\">Desde el 01 de junio y hasta fines de noviembre se realizar\u00e1n talleres formativos en las disciplinas del voleibol y el basquetbol en Vallenar.<\/p>\n<p style=\"text-align: justify;\">Los talleres son posible gracias al Fondeporte del IND de Atacama, proyectos postulados por la municipalidad de Vallenar a trav\u00e9s de la oficina de deportes y recreaci\u00f3n y que permitir\u00e1n el desarrollo de estas actividades deportivas en la comuna.<\/p>\n<p style=\"text-align: justify;\">Las clases del taller de voleibol comienzan este 01 de junio en dependencias del Polideportivo en la avenida costanera en Quinta valle, tanto para hombres como para mujeres, en tanto que el taller de basquetbol comienza el s\u00e1bado 03 en el estadio techado municipal.<\/p>\n<p style=\"text-align: justify;\">La iniciativa lleva por nombre \u00abMasifiquemos el deporte en los sectores vecinales de Vallenar\u00bb, permitir\u00e1 que j\u00f3venes de 15 a 29 a\u00f1os puedan practicar estas dos disciplinas.<\/p>\n<p style=\"text-align: justify;\"><strong>HORARIOS<\/strong><\/p>\n<p style=\"text-align: justify;\">Respecto de los horarios de estos dos talleres, se indici\u00f3 que en el Polideportivo donde se desarrollar\u00e1 el voleibol, las clases ser\u00e1n los d\u00edas martes de 18:00 a 19:30 horas para las damas y los jueves en el mismo horario para los varones, mientras que los d\u00edas s\u00e1bado, de 10:00 a 11:30 tendr\u00e1n clases las damas y los varones de 11:30 a 13:00 horas.<\/p>\n<p style=\"text-align: justify;\">El taller de basquetbol, que se ejecutar\u00e1 en el estadio techado \u00abHonorio Mieres Neira\u00bb, ser\u00e1 el d\u00eda viernes de 19:00 a 20:30 horas para las damas y para los varones desde las 20:30 a 22:00 horas y el d\u00eda s\u00e1bado de 10:00 a 11:30 para las damas y de 11:30 a 13:00 horas para los varones.<\/p>\n","protected":false},"excerpt":{"rendered":"<p>Desde el 01 de junio y hasta fines de noviembre se realizar\u00e1n talleres formativos en las disciplinas del voleibol y el basquetbol en Vallenar. Los&hellip; <\/p>\n","protected":false},"author":2,"featured_media":4945,"comment_status":"open","ping_status":"closed","sticky":false,"template":"","format":"standard","meta":{"footnotes":""},"categories":[8],"tags":[],"class_list":["post-4944","post","type-post","status-publish","format-standard","has-post-thumbnail","hentry","category-deportes"],"_links":{"self":[{"href":"https:\/\/www.radioamigavallenar.cl\/index.php?rest_route=\/wp\/v2\/posts\/4944","targetHints":{"allow":["GET"]}}],"collection":[{"href":"https:\/\/www.radioamigavallenar.cl\/index.php?rest_route=\/wp\/v2\/posts"}],"about":[{"href":"https:\/\/www.radioamigavallenar.cl\/index.php?rest_route=\/wp\/v2\/types\/post"}],"author":[{"embeddable":true,"href":"https:\/\/www.radioamigavallenar.cl\/index.php?rest_route=\/wp\/v2\/users\/2"}],"replies":[{"embeddable":true,"href":"https:\/\/www.radioamigavallenar.cl\/index.php?rest_route=%2Fwp%2Fv2%2Fcomments&post=4944"}],"version-history":[{"count":0,"href":"https:\/\/www.radioamigavallenar.cl\/index.php?rest_route=\/wp\/v2\/posts\/4944\/revisions"}],"wp:featuredmedia":[{"embeddable":true,"href":"https:\/\/www.radioamigavallenar.cl\/index.php?rest_route=\/wp\/v2\/media\/4945"}],"wp:attachment":[{"href":"https:\/\/www.radioamigavallenar.cl\/index.php?rest_route=%2Fwp%2Fv2%2Fmedia&parent=4944"}],"wp:term":[{"taxonomy":"category","embeddable":true,"href":"https:\/\/www.radioamigavallenar.cl\/index.php?rest_route=%2Fwp%2Fv2%2Fcategories&post=4944"},{"taxonomy":"post_tag","embeddable":true,"href":"https:\/\/www.radioamigavallenar.cl\/index.php?rest_route=%2Fwp%2Fv2%2Ftags&post=4944"}],"curies":[{"name":"wp","href":"https:\/\/api.w.org\/{rel}","templated":true}]}}