{"id":4920,"date":"2017-05-30T21:24:35","date_gmt":"2017-05-31T00:24:35","guid":{"rendered":"http:\/\/www.radioamigavallenar.cl\/?p=4920"},"modified":"2017-05-30T21:24:35","modified_gmt":"2017-05-31T00:24:35","slug":"en-el-huasco-los-trabajadores-del-programa-pee-de-conaf-apoyan-en-labores-de-limpieza","status":"publish","type":"post","link":"https:\/\/www.radioamigavallenar.cl\/?p=4920","title":{"rendered":"En el Huasco los trabajadores del programa PEE de Conaf apoyan en labores de limpieza"},"content":{"rendered":"<p style=\"text-align: center;\"><a href=\"http:\/\/www.radioamigavallenar.cl\/wp-content\/uploads\/2017\/05\/PEE-San-Pedro.jpg\"><img loading=\"lazy\" decoding=\"async\" class=\"alignnone size-medium wp-image-4922\" src=\"http:\/\/www.radioamigavallenar.cl\/wp-content\/uploads\/2017\/05\/PEE-San-Pedro-300x225.jpg\" alt=\"PEE San Pedro\" width=\"300\" height=\"225\" srcset=\"https:\/\/www.radioamigavallenar.cl\/wp-content\/uploads\/2017\/05\/PEE-San-Pedro-300x225.jpg 300w, https:\/\/www.radioamigavallenar.cl\/wp-content\/uploads\/2017\/05\/PEE-San-Pedro.jpg 700w\" sizes=\"auto, (max-width: 300px) 100vw, 300px\" \/><\/a><\/p>\n<p style=\"text-align: justify;\">Luego de las lluvias que afectaron a gran parte de la zona, los trabajadores y trabajadoras del Programa de Emergencias de Empleo (PEE) implementado por CONAF, se encuentran realizando labores de limpieza y recuperaci\u00f3n de los espacios p\u00fablicos que fueron afectados por el frente de mal tiempo en distintas comunas de la Regi\u00f3n de Atacama.<\/p>\n<p style=\"text-align: justify;\">Se trata de 130 personas que entre sus principales tareas se encuentra el mejoramiento urbano, la prevenci\u00f3n de incendios y el apoyo en viveros y \u00e1reas protegidas silvestres, labores que se encuentran distribuidas entre las comunas de Cha\u00f1aral, Copiap\u00f3, Vallenar, Freirina y Huasco.<\/p>\n<p style=\"text-align: justify;\">Actualmente, para mitigar el efecto hidroclim\u00e1tico, se han reorientado las tareas de los PEE para colaborar con la comunidad en la limpieza, depeje de calles, plazas, plazoletas o parques, de manera tal, de contribuir al retorno a la normalidad de cada localidad. Un 90% del personal que trabaja en los PEE corresponde a mujeres jefas de hogar.<\/p>\n<p style=\"text-align: justify;\">En la Provincia de Cha\u00f1aral, las cuadrillas se encuentran distribuidas entre Cha\u00f1aral y la localidad de El Salado para el mejoramiento urbano, mientras que en la Provincia de Copiap\u00f3 existen dos cuadrillas en Parque El Pretil y en la localidad de San Pedro para mitigar los efectos del evento clim\u00e1tico en esas zonas.<\/p>\n<p style=\"text-align: justify;\">En la Provincia de Huasco, los trabajadores del PEE se distribuyen entre las poblaciones 18 de Septiembre y Torreblanca, en Vallenar, adem\u00e1s de las localidades de Domeyko y Cachiyuyo. En Freirina, est\u00e1n en las poblaciones Roberto Callejas, Carrizalillo, Ram\u00f3n Freire y la caleta de Cha\u00f1aral de Aceituno.<\/p>\n<p style=\"text-align: justify;\">El equipo regional ha estado en todas y cada una de estas faenas, tomando contacto directo para escuchar a las personas, contenerlas y entregar los elementos necesarios para el trabajo, orient\u00e1ndolos a colaborar con la comunidad.<\/p>\n<p style=\"text-align: justify;\">Durante una visita realizada a la comuna de Freirina, en la Provincia de Huasco, el Director Regional de CONAF, Ricardo Santana, aprovech\u00f3 de conversar con los trabajadores y constatar en terreno los avances en el cuidado y mantenci\u00f3n de plazas, caminos y espacios p\u00fablicos.<\/p>\n<p style=\"text-align: justify;\">Al respecto, el Director Regional de CONAF, Ricardo Santana, expres\u00f3 que \u201cComo Corporaci\u00f3n estamos colaborando con la emergencia a trav\u00e9s del Programa de Emergencia de Empleos en diferentes comunas de la regi\u00f3n. Valoramos enormemente todo el esfuerzo que entrega cada uno de los trabajadores de este programa, sobre todo porque se trata de apoyar a sus propias comunidades en la recuperaci\u00f3n y reactivaci\u00f3n luego de esta emergencia. Queremos resaltar que, en su mayor\u00eda, se trata de mujeres jefas de hogar que con gran fuerza contribuyen a sacar adelante sus localidades\u201d.<\/p>\n<p style=\"text-align: justify;\">El Director Regional de CONAF, adem\u00e1s, agreg\u00f3 que \u201cestamos en terreno en esta emergencia al igual que en anteriores, para conocer el estado de nuestros trabajadores, necesidades de ayuda y sumarlos a esta tarea de todos. Siempre hemos dicho que lo primero durante una emergencia es la vida de las personas y despu\u00e9s sus bienes. Hoy estamos enfocados en recuperar nuestra regi\u00f3n, tal como ha mandatado la Presidenta Michelle Bachelet\u201d.<\/p>\n","protected":false},"excerpt":{"rendered":"<p>Luego de las lluvias que afectaron a gran parte de la zona, los trabajadores y trabajadoras del Programa de Emergencias de Empleo (PEE) implementado por&hellip; <\/p>\n","protected":false},"author":2,"featured_media":4921,"comment_status":"open","ping_status":"closed","sticky":false,"template":"","format":"standard","meta":{"footnotes":""},"categories":[3],"tags":[],"class_list":["post-4920","post","type-post","status-publish","format-standard","has-post-thumbnail","hentry","category-freirina"],"_links":{"self":[{"href":"https:\/\/www.radioamigavallenar.cl\/index.php?rest_route=\/wp\/v2\/posts\/4920","targetHints":{"allow":["GET"]}}],"collection":[{"href":"https:\/\/www.radioamigavallenar.cl\/index.php?rest_route=\/wp\/v2\/posts"}],"about":[{"href":"https:\/\/www.radioamigavallenar.cl\/index.php?rest_route=\/wp\/v2\/types\/post"}],"author":[{"embeddable":true,"href":"https:\/\/www.radioamigavallenar.cl\/index.php?rest_route=\/wp\/v2\/users\/2"}],"replies":[{"embeddable":true,"href":"https:\/\/www.radioamigavallenar.cl\/index.php?rest_route=%2Fwp%2Fv2%2Fcomments&post=4920"}],"version-history":[{"count":0,"href":"https:\/\/www.radioamigavallenar.cl\/index.php?rest_route=\/wp\/v2\/posts\/4920\/revisions"}],"wp:featuredmedia":[{"embeddable":true,"href":"https:\/\/www.radioamigavallenar.cl\/index.php?rest_route=\/wp\/v2\/media\/4921"}],"wp:attachment":[{"href":"https:\/\/www.radioamigavallenar.cl\/index.php?rest_route=%2Fwp%2Fv2%2Fmedia&parent=4920"}],"wp:term":[{"taxonomy":"category","embeddable":true,"href":"https:\/\/www.radioamigavallenar.cl\/index.php?rest_route=%2Fwp%2Fv2%2Fcategories&post=4920"},{"taxonomy":"post_tag","embeddable":true,"href":"https:\/\/www.radioamigavallenar.cl\/index.php?rest_route=%2Fwp%2Fv2%2Ftags&post=4920"}],"curies":[{"name":"wp","href":"https:\/\/api.w.org\/{rel}","templated":true}]}}