{"id":4917,"date":"2017-05-30T20:59:31","date_gmt":"2017-05-30T23:59:31","guid":{"rendered":"http:\/\/www.radioamigavallenar.cl\/?p=4917"},"modified":"2017-05-30T20:59:31","modified_gmt":"2017-05-30T23:59:31","slug":"funcionarios-municipales-se-sumaran-al-dia-del-desafio-deportivo","status":"publish","type":"post","link":"https:\/\/www.radioamigavallenar.cl\/?p=4917","title":{"rendered":"Funcionarios municipales se sumar\u00e1n al \u00abD\u00eda del Desaf\u00edo Deportivo\u00bb"},"content":{"rendered":"<p style=\"text-align: center;\"><a href=\"http:\/\/www.radioamigavallenar.cl\/wp-content\/uploads\/2017\/05\/Dia-del-Desafio.jpg\"><img loading=\"lazy\" decoding=\"async\" class=\"alignnone size-medium wp-image-4918\" src=\"http:\/\/www.radioamigavallenar.cl\/wp-content\/uploads\/2017\/05\/Dia-del-Desafio-300x188.jpg\" alt=\"Dia del Desafio\" width=\"300\" height=\"188\" srcset=\"https:\/\/www.radioamigavallenar.cl\/wp-content\/uploads\/2017\/05\/Dia-del-Desafio-300x188.jpg 300w, https:\/\/www.radioamigavallenar.cl\/wp-content\/uploads\/2017\/05\/Dia-del-Desafio.jpg 700w\" sizes=\"auto, (max-width: 300px) 100vw, 300px\" \/><\/a><\/p>\n<p style=\"text-align: justify;\">Este mi\u00e9rcoles 31 se realiza a nivel mundial el \u00abD\u00eda del Desaf\u00edo Deportivo\u00bb, un espacio para que al menos en esta jornada tanto en los espacios p\u00fablicos como en los privados, se lleve adelante actividades que digan relaci\u00f3n con la pr\u00e1ctica del deporte.<\/p>\n<p style=\"text-align: justify;\">Es un evento que surgi\u00f3 en Canad\u00e1 en el a\u00f1o 1983 y que posteriormente se hizo extensivo a otros pa\u00edses de Am\u00e9rica y del mundo. Tiene lugar el \u00faltimo mi\u00e9rcoles del mes de mayo. Es difundido mundialmente por The Association For Internacional Sport for All (TAFISA), entidad del deporte para todos con sede en Alemania y coordinado en el continente americano por el Servivio Social do Comercio (SESC), Administraci\u00f3n Regional en el Estado de Sao Paulo. Es una competencia amistosa entre diferentes ciudades como una forma de sensibilizar a las personas con relaci\u00f3n a la importancia de una vida activa, en la misma todos son ganadores.<\/p>\n<p style=\"text-align: justify;\">Data del a\u00f1o 1983, durante el duro invierno canadiense, cuando se registraron temperaturas de 20 grados negativos. Cuentan que el alcalde de una ciudad en Canad\u00e1 propuso una acci\u00f3n que requer\u00eda la cooperaci\u00f3n de todos. A las 15 P.M., cuando las luces se apagaran, todos deb\u00edan salir de casa caminar durante 15 minutos alrededor de la manzana m\u00e1s pr\u00f3xima. Esto no era m\u00e1s que la invitaci\u00f3n a hacer ejercicio f\u00edsico.<\/p>\n<p style=\"text-align: justify;\">Ma\u00f1ana en el frontis de la municipalidad se realizar\u00e1 una entretenida actividad deportiva donde participar\u00e1n funcionarios p\u00fablicos, municipales, Daem, Eduprov, establecimientos educacionales, y la comunidad vallenarina que desee participar.<\/p>\n","protected":false},"excerpt":{"rendered":"<p>Este mi\u00e9rcoles 31 se realiza a nivel mundial el \u00abD\u00eda del Desaf\u00edo Deportivo\u00bb, un espacio para que al menos en esta jornada tanto en los&hellip; <\/p>\n","protected":false},"author":2,"featured_media":4918,"comment_status":"open","ping_status":"closed","sticky":false,"template":"","format":"standard","meta":{"footnotes":""},"categories":[8],"tags":[],"class_list":["post-4917","post","type-post","status-publish","format-standard","has-post-thumbnail","hentry","category-deportes"],"_links":{"self":[{"href":"https:\/\/www.radioamigavallenar.cl\/index.php?rest_route=\/wp\/v2\/posts\/4917","targetHints":{"allow":["GET"]}}],"collection":[{"href":"https:\/\/www.radioamigavallenar.cl\/index.php?rest_route=\/wp\/v2\/posts"}],"about":[{"href":"https:\/\/www.radioamigavallenar.cl\/index.php?rest_route=\/wp\/v2\/types\/post"}],"author":[{"embeddable":true,"href":"https:\/\/www.radioamigavallenar.cl\/index.php?rest_route=\/wp\/v2\/users\/2"}],"replies":[{"embeddable":true,"href":"https:\/\/www.radioamigavallenar.cl\/index.php?rest_route=%2Fwp%2Fv2%2Fcomments&post=4917"}],"version-history":[{"count":0,"href":"https:\/\/www.radioamigavallenar.cl\/index.php?rest_route=\/wp\/v2\/posts\/4917\/revisions"}],"wp:featuredmedia":[{"embeddable":true,"href":"https:\/\/www.radioamigavallenar.cl\/index.php?rest_route=\/wp\/v2\/media\/4918"}],"wp:attachment":[{"href":"https:\/\/www.radioamigavallenar.cl\/index.php?rest_route=%2Fwp%2Fv2%2Fmedia&parent=4917"}],"wp:term":[{"taxonomy":"category","embeddable":true,"href":"https:\/\/www.radioamigavallenar.cl\/index.php?rest_route=%2Fwp%2Fv2%2Fcategories&post=4917"},{"taxonomy":"post_tag","embeddable":true,"href":"https:\/\/www.radioamigavallenar.cl\/index.php?rest_route=%2Fwp%2Fv2%2Ftags&post=4917"}],"curies":[{"name":"wp","href":"https:\/\/api.w.org\/{rel}","templated":true}]}}