{"id":4847,"date":"2017-05-25T05:51:42","date_gmt":"2017-05-25T08:51:42","guid":{"rendered":"http:\/\/www.radioamigavallenar.cl\/?p=4847"},"modified":"2017-05-24T20:14:33","modified_gmt":"2017-05-24T23:14:33","slug":"vallenar-y-huasco-seran-parte-del-dia-del-desafio-deportivo","status":"publish","type":"post","link":"https:\/\/www.radioamigavallenar.cl\/?p=4847","title":{"rendered":"Vallenar y Huasco ser\u00e1n parte del d\u00eda del desaf\u00edo deportivo"},"content":{"rendered":"<p style=\"text-align: justify;\"><a href=\"http:\/\/www.radioamigavallenar.cl\/wp-content\/uploads\/2017\/05\/Desafio.jpg\"><img loading=\"lazy\" decoding=\"async\" class=\" size-medium wp-image-4848 aligncenter\" src=\"http:\/\/www.radioamigavallenar.cl\/wp-content\/uploads\/2017\/05\/Desafio-300x200.jpg\" alt=\"Desafio\" width=\"300\" height=\"200\" srcset=\"https:\/\/www.radioamigavallenar.cl\/wp-content\/uploads\/2017\/05\/Desafio-300x200.jpg 300w, https:\/\/www.radioamigavallenar.cl\/wp-content\/uploads\/2017\/05\/Desafio.jpg 700w\" sizes=\"auto, (max-width: 300px) 100vw, 300px\" \/><\/a><\/p>\n<p style=\"text-align: justify;\">Este mi\u00e9rcoles 31 mayo, las comunas de Vallenar y Huasco ser\u00e1n parte del \u201cD\u00eda del Desaf\u00edo\u201d, iniciativa internacional que busca promover la actividad f\u00edsica con diferentes actividades desarrolladas por entidades p\u00fablicas y privadas, con el objetivo de involucrar a personas, de todas las edades, en la pr\u00e1ctica de todo tipo de deporte y actividades f\u00edsicas, por lo menos durante 15 minutos, por medio de una competici\u00f3n amistosa entre ciudades.<\/p>\n<p style=\"text-align: justify;\">En Vallenar, las actividades se concentrar\u00e1n en todos los establecimientos educacionales de la comuna, los que a partir de las 8:30 de la ma\u00f1ana realizar\u00e1n actividad f\u00edsica dentro de los colegios\u00a0 y a las 10:30 se trasladar\u00e1n hasta el paseo ribere\u00f1o para continuar realizando deporte, seg\u00fan se\u00f1al\u00f3 el coordinador Extraescolar Ismael Quezada.<\/p>\n<p style=\"text-align: justify;\">Asimismo, en el puerto de Huasco efectuar\u00e1n pausas activas en los colegios y los jardines infantiles har\u00e1n actividades deportivas que no realizan habitualmente, \u00a0clases de spining. Igualmente, en la tarde las actividades masivas se concentrar\u00e1n en una Feria y Muestra Deportiva, donde est\u00e1n invitados las organizaciones deportivas de danza, patinaje, skate, entre otras, explic\u00f3 la Coordinadora Extraescolar Comunal, Stephania Rivera.<\/p>\n<p style=\"text-align: justify;\">El Seremi del Deporte Osvaldo Carvajal Rodr\u00edguez, agradeci\u00f3 a ambos municipios por ser parte de esta exitosa actividad: \u201cComo Ministerio del Deporte a trav\u00e9s de nuestra campa\u00f1a Act\u00edvate promovemos esta actividad porque contribuye a crear una cultura deportiva y a generar el h\u00e1bito de la actividad f\u00edsica en la poblaci\u00f3n para que \u00e9ste se convierta en una forma de vida y a trav\u00e9s de estas actividades contribuimos a este fin\u201d.<\/p>\n","protected":false},"excerpt":{"rendered":"<p>Este mi\u00e9rcoles 31 mayo, las comunas de Vallenar y Huasco ser\u00e1n parte del \u201cD\u00eda del Desaf\u00edo\u201d, iniciativa internacional que busca promover la actividad f\u00edsica con&hellip; <\/p>\n","protected":false},"author":2,"featured_media":4848,"comment_status":"open","ping_status":"closed","sticky":false,"template":"","format":"standard","meta":{"footnotes":""},"categories":[8],"tags":[],"class_list":["post-4847","post","type-post","status-publish","format-standard","has-post-thumbnail","hentry","category-deportes"],"_links":{"self":[{"href":"https:\/\/www.radioamigavallenar.cl\/index.php?rest_route=\/wp\/v2\/posts\/4847","targetHints":{"allow":["GET"]}}],"collection":[{"href":"https:\/\/www.radioamigavallenar.cl\/index.php?rest_route=\/wp\/v2\/posts"}],"about":[{"href":"https:\/\/www.radioamigavallenar.cl\/index.php?rest_route=\/wp\/v2\/types\/post"}],"author":[{"embeddable":true,"href":"https:\/\/www.radioamigavallenar.cl\/index.php?rest_route=\/wp\/v2\/users\/2"}],"replies":[{"embeddable":true,"href":"https:\/\/www.radioamigavallenar.cl\/index.php?rest_route=%2Fwp%2Fv2%2Fcomments&post=4847"}],"version-history":[{"count":0,"href":"https:\/\/www.radioamigavallenar.cl\/index.php?rest_route=\/wp\/v2\/posts\/4847\/revisions"}],"wp:featuredmedia":[{"embeddable":true,"href":"https:\/\/www.radioamigavallenar.cl\/index.php?rest_route=\/wp\/v2\/media\/4848"}],"wp:attachment":[{"href":"https:\/\/www.radioamigavallenar.cl\/index.php?rest_route=%2Fwp%2Fv2%2Fmedia&parent=4847"}],"wp:term":[{"taxonomy":"category","embeddable":true,"href":"https:\/\/www.radioamigavallenar.cl\/index.php?rest_route=%2Fwp%2Fv2%2Fcategories&post=4847"},{"taxonomy":"post_tag","embeddable":true,"href":"https:\/\/www.radioamigavallenar.cl\/index.php?rest_route=%2Fwp%2Fv2%2Ftags&post=4847"}],"curies":[{"name":"wp","href":"https:\/\/api.w.org\/{rel}","templated":true}]}}