{"id":47570,"date":"2021-11-25T11:53:50","date_gmt":"2021-11-25T14:53:50","guid":{"rendered":"https:\/\/www.radioamigavallenar.cl\/?p=47570"},"modified":"2021-11-25T11:53:50","modified_gmt":"2021-11-25T14:53:50","slug":"isp-autoriza-uso-de-vacuna-sinovac-en-menores-entre-3-y-6-anos","status":"publish","type":"post","link":"https:\/\/www.radioamigavallenar.cl\/?p=47570","title":{"rendered":"ISP autoriza uso de vacuna Sinovac en menores entre 3 y 6 a\u00f1os"},"content":{"rendered":"<p>El Instituto de Salud P\u00fablica (ISP) autoriz\u00f3 la vacunaci\u00f3n con Sinovac a ni\u00f1os entre 3 y 6 a\u00f1os, seg\u00fan fue confirmado por el director (S) de la instancia, Heriberto Garc\u00eda.<\/p>\n<p>La autoridad explic\u00f3 que \u201chay datos suficientes de un estudio que se hizo en China con respecto a 100 millones de dosis utilizadas en ni\u00f1os entre 3 y 17 a\u00f1os, de los cuales se vio que solamente 3.890 fueron las cantidades de reacciones adversas que se encontraron reportadas\u201d.<\/p>\n<p>\u201cDe estas reportadas hubo algunas que ya se descartaron que eran relacionadas con la vacuna y otras s\u00ed tienen relaci\u00f3n con la vacuna\u201d, agreg\u00f3.<\/p>\n<p>En ese sentido, Garc\u00eda detall\u00f3 que un informe de Sinovac demuestra que la vacuna tuvo mayor cantidad de reacci\u00f3n adversa en los ni\u00f1os entre 12 y 17 a\u00f1os. \u201cEntre el grupo etario entre 3 y 5 a\u00f1os no apareci\u00f3 ninguna reacci\u00f3n adversa seria y eso es sumamente importante\u201d, dijo.<\/p>\n<p>\u201cLa producci\u00f3n de anticuerpos en ni\u00f1os es mejor, lo que podr\u00eda evidenciar -y es parte de lo que hay que seguir investigando- de que probablemente en ni\u00f1os vacunados el contagio se disminuir\u00eda a cero, eso es s\u00faper importante que lo vayamos analizando y estudiando\u201d, coment\u00f3 sobre este proceso.<\/p>\n","protected":false},"excerpt":{"rendered":"<p>El Instituto de Salud P\u00fablica (ISP) autoriz\u00f3 la vacunaci\u00f3n con Sinovac a ni\u00f1os entre 3 y 6 a\u00f1os, seg\u00fan fue confirmado por el director (S)&hellip; <\/p>\n","protected":false},"author":2,"featured_media":47571,"comment_status":"open","ping_status":"closed","sticky":false,"template":"","format":"standard","meta":{"footnotes":""},"categories":[37],"tags":[],"class_list":["post-47570","post","type-post","status-publish","format-standard","has-post-thumbnail","hentry","category-nacional"],"_links":{"self":[{"href":"https:\/\/www.radioamigavallenar.cl\/index.php?rest_route=\/wp\/v2\/posts\/47570","targetHints":{"allow":["GET"]}}],"collection":[{"href":"https:\/\/www.radioamigavallenar.cl\/index.php?rest_route=\/wp\/v2\/posts"}],"about":[{"href":"https:\/\/www.radioamigavallenar.cl\/index.php?rest_route=\/wp\/v2\/types\/post"}],"author":[{"embeddable":true,"href":"https:\/\/www.radioamigavallenar.cl\/index.php?rest_route=\/wp\/v2\/users\/2"}],"replies":[{"embeddable":true,"href":"https:\/\/www.radioamigavallenar.cl\/index.php?rest_route=%2Fwp%2Fv2%2Fcomments&post=47570"}],"version-history":[{"count":1,"href":"https:\/\/www.radioamigavallenar.cl\/index.php?rest_route=\/wp\/v2\/posts\/47570\/revisions"}],"predecessor-version":[{"id":47572,"href":"https:\/\/www.radioamigavallenar.cl\/index.php?rest_route=\/wp\/v2\/posts\/47570\/revisions\/47572"}],"wp:featuredmedia":[{"embeddable":true,"href":"https:\/\/www.radioamigavallenar.cl\/index.php?rest_route=\/wp\/v2\/media\/47571"}],"wp:attachment":[{"href":"https:\/\/www.radioamigavallenar.cl\/index.php?rest_route=%2Fwp%2Fv2%2Fmedia&parent=47570"}],"wp:term":[{"taxonomy":"category","embeddable":true,"href":"https:\/\/www.radioamigavallenar.cl\/index.php?rest_route=%2Fwp%2Fv2%2Fcategories&post=47570"},{"taxonomy":"post_tag","embeddable":true,"href":"https:\/\/www.radioamigavallenar.cl\/index.php?rest_route=%2Fwp%2Fv2%2Ftags&post=47570"}],"curies":[{"name":"wp","href":"https:\/\/api.w.org\/{rel}","templated":true}]}}