{"id":46679,"date":"2021-11-05T09:53:58","date_gmt":"2021-11-05T12:53:58","guid":{"rendered":"https:\/\/www.radioamigavallenar.cl\/?p=46679"},"modified":"2021-11-05T09:53:58","modified_gmt":"2021-11-05T12:53:58","slug":"vallenar-club-de-adulto-mayor-renacer-desarrolla-fondo-concursable-con-nueva-atacama","status":"publish","type":"post","link":"https:\/\/www.radioamigavallenar.cl\/?p=46679","title":{"rendered":"Vallenar: Club de Adulto Mayor Renacer desarrolla Fondo Concursable con Nueva Atacama"},"content":{"rendered":"<p class=\"x_MsoNormal\"><b>La agrupaci\u00f3n logr\u00f3 obtener recursos para la compra de m\u00e1quinas de coser y materiales de confecci\u00f3n.<\/b><\/p>\n<p class=\"x_MsoNormal\">Agradecidas y muy entusiastas est\u00e1n las socias pertenecientes al Club de Adulto Mayor Renacer, quienes se encuentran desarrollando un taller de costuras y manualidades gracias a los fondos destinados por la empresa Sanitaria Nueva Atacama en su versi\u00f3n 2021.<\/p>\n<p class=\"x_MsoNormal\">La iniciativa es parte de 58 proyectos sociales que fueron adjudicadas en esta versi\u00f3n 2021 y que espera el pr\u00f3ximo a\u00f1o, seguir favoreciendo a m\u00e1s agrupaciones sociales.<\/p>\n<p class=\"x_MsoNormal\">\u201cPara nosotros es fundamental el contacto con las agrupaciones sociales, sean Club de Adulto Mayor o Juntas de Vecinos porque nos permiten ir viendo c\u00f3mo podemos ser un verdadero aporte, mejorando la calidad de vida, que es otro de los objetivos del Grupo Aguas Nuevas y por ende de Nueva Atacama\u201d, sostuvo Juan Bola\u00f1os, Gerente de Clientes de la empresa sanitaria.<\/p>\n<p class=\"x_MsoNormal\">Elma Gonzalez, presidenta del Club de Adulto Mayor Renacer, sostuvo que \u201ceste es un proyecto anhelado que ten\u00edamos por mucho tiempo como club, gracias a Nueva Atacama hemos podido conseguir \u00a0m\u00e1quinas de coser y trabajar en algo\u201d, dijo.<\/p>\n<p class=\"x_MsoNormal\"><b>Opiniones<\/b><b><\/b><\/p>\n<p class=\"x_MsoNormal\">Susana Carrasco, socia del club, agreg\u00f3 que \u201ceste es un proyecto excelente, porque como est\u00e1n los tiempos ahora escasean los materiales y ac\u00e1 tenemos todo\u201d.<\/p>\n<p class=\"x_MsoNormal\">Maria Quevedo, participante del proyecto, enfatiz\u00f3 que \u201cme parece muy bien el taller de costura porque yo estoy reci\u00e9n aprendiendo y estamos avanzando\u201d.<\/p>\n<p class=\"x_MsoNormal\">Marcela Espinoza, voluntaria cooperadora del club, respecto de la importancia de este tipo de proyectos dijo que \u201cdebido a la pandemia han tenido problemas de autoestima baja, con depresi\u00f3n y otras enfermedades que tienen, con esto tratamos de subirles el \u00e1nimo e invitarlas hacer algo aunque sea poquito, porque a veces les cuesta, pero buscamos la forma en que ellas puedan utilizar su mente y sus manos\u201d dijo.<\/p>\n<p class=\"x_MsoNormal\">Espinoza hace una invitaci\u00f3n a que m\u00e1s personas que quieran participar o cooperar con el Club Renacer de Vallenar, se puedan acercar ya que est\u00e1n las puertas abiertas para que m\u00e1s adultos mayores, siguiendo todos los resguardos de salud, puedan ser miembros activos de la agrupaci\u00f3n.<\/p>\n","protected":false},"excerpt":{"rendered":"<p>La agrupaci\u00f3n logr\u00f3 obtener recursos para la compra de m\u00e1quinas de coser y materiales de confecci\u00f3n. Agradecidas y muy entusiastas est\u00e1n las socias pertenecientes al&hellip; <\/p>\n","protected":false},"author":2,"featured_media":46680,"comment_status":"open","ping_status":"closed","sticky":false,"template":"","format":"standard","meta":{"footnotes":""},"categories":[38],"tags":[],"class_list":["post-46679","post","type-post","status-publish","format-standard","has-post-thumbnail","hentry","category-portada-regional"],"_links":{"self":[{"href":"https:\/\/www.radioamigavallenar.cl\/index.php?rest_route=\/wp\/v2\/posts\/46679","targetHints":{"allow":["GET"]}}],"collection":[{"href":"https:\/\/www.radioamigavallenar.cl\/index.php?rest_route=\/wp\/v2\/posts"}],"about":[{"href":"https:\/\/www.radioamigavallenar.cl\/index.php?rest_route=\/wp\/v2\/types\/post"}],"author":[{"embeddable":true,"href":"https:\/\/www.radioamigavallenar.cl\/index.php?rest_route=\/wp\/v2\/users\/2"}],"replies":[{"embeddable":true,"href":"https:\/\/www.radioamigavallenar.cl\/index.php?rest_route=%2Fwp%2Fv2%2Fcomments&post=46679"}],"version-history":[{"count":1,"href":"https:\/\/www.radioamigavallenar.cl\/index.php?rest_route=\/wp\/v2\/posts\/46679\/revisions"}],"predecessor-version":[{"id":46681,"href":"https:\/\/www.radioamigavallenar.cl\/index.php?rest_route=\/wp\/v2\/posts\/46679\/revisions\/46681"}],"wp:featuredmedia":[{"embeddable":true,"href":"https:\/\/www.radioamigavallenar.cl\/index.php?rest_route=\/wp\/v2\/media\/46680"}],"wp:attachment":[{"href":"https:\/\/www.radioamigavallenar.cl\/index.php?rest_route=%2Fwp%2Fv2%2Fmedia&parent=46679"}],"wp:term":[{"taxonomy":"category","embeddable":true,"href":"https:\/\/www.radioamigavallenar.cl\/index.php?rest_route=%2Fwp%2Fv2%2Fcategories&post=46679"},{"taxonomy":"post_tag","embeddable":true,"href":"https:\/\/www.radioamigavallenar.cl\/index.php?rest_route=%2Fwp%2Fv2%2Ftags&post=46679"}],"curies":[{"name":"wp","href":"https:\/\/api.w.org\/{rel}","templated":true}]}}