{"id":45745,"date":"2021-10-13T06:00:04","date_gmt":"2021-10-13T09:00:04","guid":{"rendered":"https:\/\/www.radioamigavallenar.cl\/?p=45745"},"modified":"2021-10-12T22:21:44","modified_gmt":"2021-10-13T01:21:44","slug":"seremi-salud-llama-al-autocuidado-por-aumento-de-casos-delta-en-atacama","status":"publish","type":"post","link":"https:\/\/www.radioamigavallenar.cl\/?p=45745","title":{"rendered":"Seremi Salud llama al autocuidado por aumento de casos Delta en Atacama"},"content":{"rendered":"<p>La Seremi de Salud de Atacama explic\u00f3 que \u201cdurante la \u00faltima semana se ha producido un aumento en la tasa de incidencia de casos por Covid-19 y principalmente de variante Delta en la regi\u00f3n. Esta situaci\u00f3n no es preocupante, pero s\u00ed es un llamado a estar atentos y a no relajarse, porque la pandemia no ha terminado a\u00fan. Queremos evitar que las comunas retrocedan hasta fase 1 de Restricci\u00f3n, por eso pedimos que las personas mantengan las medidas de autocuidado que todos conocemos\u201d.<\/p>\n<p>El retroceso de Diego de Almagro y el avance de Alto del Carmen, significa un cambio principalmente en los aforos. Por ejemplo, el pase de movilidad permite reuniones en casas particulares de hasta 50 personas si todos cuentan con su pase de movilidad en fase 4 de Transici\u00f3n, y s\u00f3lo hasta 25 personas si todas las personas tienen su pase de movilidad en fase 3 de Preparaci\u00f3n.<\/p>\n<p>Para hacer frente a este aumento de casos Delta, la autoridad sanitaria de Atacama explic\u00f3 que \u201chemos reforzado los operativos de B\u00fasqueda Activa de Casos a trav\u00e9s de los test de ant\u00edgenos. Esto nos permitir\u00e1 encontrar casos asintom\u00e1ticos, detectar en tiempo y oportunidad los casos para aislarlos y realizar la trazabilidad de los contactos estrechos. Mientras mejor apliquemos la estrategia de Testeo, Trazabilidad y Aislamiento (TTA), tendremos mejores opciones de controlar la pandemia\u201d.<\/p>\n<p>Finalmente, la autoridad sanitaria se refiri\u00f3 a la entrega de\u00a0 informaci\u00f3n sobre el Covid-19, donde enfatiz\u00f3 en la estrategia del Fono TTA, \u201cllamando al 800 371 900, las personas podr\u00e1n resolver sus dudas o consultas sobre temas relacionas a Covid-19, como por ejemplo, qu\u00e9 hacer en caso de ser un contacto estrecho, d\u00f3nde tomarse un test pcr, cu\u00e1les son los puntos de vacunaci\u00f3n para dar continuidad al proceso de inmunizaci\u00f3n frente a la Pandemia, entre otros temas\u201d.<\/p>\n","protected":false},"excerpt":{"rendered":"<p>La Seremi de Salud de Atacama explic\u00f3 que \u201cdurante la \u00faltima semana se ha producido un aumento en la tasa de incidencia de casos por&hellip; <\/p>\n","protected":false},"author":2,"featured_media":45183,"comment_status":"open","ping_status":"closed","sticky":false,"template":"","format":"standard","meta":{"footnotes":""},"categories":[7],"tags":[],"class_list":["post-45745","post","type-post","status-publish","format-standard","has-post-thumbnail","hentry","category-atacama"],"_links":{"self":[{"href":"https:\/\/www.radioamigavallenar.cl\/index.php?rest_route=\/wp\/v2\/posts\/45745","targetHints":{"allow":["GET"]}}],"collection":[{"href":"https:\/\/www.radioamigavallenar.cl\/index.php?rest_route=\/wp\/v2\/posts"}],"about":[{"href":"https:\/\/www.radioamigavallenar.cl\/index.php?rest_route=\/wp\/v2\/types\/post"}],"author":[{"embeddable":true,"href":"https:\/\/www.radioamigavallenar.cl\/index.php?rest_route=\/wp\/v2\/users\/2"}],"replies":[{"embeddable":true,"href":"https:\/\/www.radioamigavallenar.cl\/index.php?rest_route=%2Fwp%2Fv2%2Fcomments&post=45745"}],"version-history":[{"count":1,"href":"https:\/\/www.radioamigavallenar.cl\/index.php?rest_route=\/wp\/v2\/posts\/45745\/revisions"}],"predecessor-version":[{"id":45746,"href":"https:\/\/www.radioamigavallenar.cl\/index.php?rest_route=\/wp\/v2\/posts\/45745\/revisions\/45746"}],"wp:featuredmedia":[{"embeddable":true,"href":"https:\/\/www.radioamigavallenar.cl\/index.php?rest_route=\/wp\/v2\/media\/45183"}],"wp:attachment":[{"href":"https:\/\/www.radioamigavallenar.cl\/index.php?rest_route=%2Fwp%2Fv2%2Fmedia&parent=45745"}],"wp:term":[{"taxonomy":"category","embeddable":true,"href":"https:\/\/www.radioamigavallenar.cl\/index.php?rest_route=%2Fwp%2Fv2%2Fcategories&post=45745"},{"taxonomy":"post_tag","embeddable":true,"href":"https:\/\/www.radioamigavallenar.cl\/index.php?rest_route=%2Fwp%2Fv2%2Ftags&post=45745"}],"curies":[{"name":"wp","href":"https:\/\/api.w.org\/{rel}","templated":true}]}}