{"id":45737,"date":"2021-10-12T12:23:00","date_gmt":"2021-10-12T15:23:00","guid":{"rendered":"https:\/\/www.radioamigavallenar.cl\/?p=45737"},"modified":"2021-10-12T12:24:19","modified_gmt":"2021-10-12T15:24:19","slug":"trabajadores-bloquean-acceso-a-planta-fotovoltaica-campos-del-sol-en-atacama","status":"publish","type":"post","link":"https:\/\/www.radioamigavallenar.cl\/?p=45737","title":{"rendered":"Trabajadores bloquean acceso a Planta Fotovoltaica \u201cCampos del Sol\u201d en Atacama"},"content":{"rendered":"<p>El Proyecto\u00a0<b>Fotovoltaico<\/b>\u00a0\u201c<b>Campos del Sol<\/b>\u201d, en Chile, forma parte de una serie de proyectos desarrollados por TCI para Sungrow Power Supply SpA. El proyecto se sit\u00faa a 62 km al noroeste de Copiap\u00f3, en la Regi\u00f3n del Atacama.<\/p>\n<p>Situaci\u00f3n se est\u00e1 generando en las cercan\u00edas del sector de Carrera Pinto.<\/p>\n<p>Durante esta jornada un grupo de trabajadores de las empresas contratistas que prestan servicios a la Planta Fotovoltaica \u201cCampos del Sol\u201d, bloquearon el acceso a dicha faena.<\/p>\n<p>Los trabajadores han informado que esta situaci\u00f3n se adopt\u00f3 luego de que existe una deuda econ\u00f3mica importante, ya que no se habr\u00edan ejecutado los pagos de facturas pendientes y que este hecho no va a cambiar por lo que exigen obtener una respuesta concreta y definitiva por parte de \u201cEnel\u201d, empresa mandante.<\/p>\n<p>Cabe destacar, que son varias las empresas contratistas que est\u00e1n reclamando esta morosidad en el pago de las facturas pendientes.<\/p>\n<p>&nbsp;<\/p>\n<p>FOTO GENTILEZA : RPERNOTICIAS<\/p>\n","protected":false},"excerpt":{"rendered":"<p>El Proyecto\u00a0Fotovoltaico\u00a0\u201cCampos del Sol\u201d, en Chile, forma parte de una serie de proyectos desarrollados por TCI para Sungrow Power Supply SpA. El proyecto se sit\u00faa&hellip; <\/p>\n","protected":false},"author":2,"featured_media":45738,"comment_status":"open","ping_status":"closed","sticky":false,"template":"","format":"standard","meta":{"footnotes":""},"categories":[38],"tags":[],"class_list":["post-45737","post","type-post","status-publish","format-standard","has-post-thumbnail","hentry","category-portada-regional"],"_links":{"self":[{"href":"https:\/\/www.radioamigavallenar.cl\/index.php?rest_route=\/wp\/v2\/posts\/45737","targetHints":{"allow":["GET"]}}],"collection":[{"href":"https:\/\/www.radioamigavallenar.cl\/index.php?rest_route=\/wp\/v2\/posts"}],"about":[{"href":"https:\/\/www.radioamigavallenar.cl\/index.php?rest_route=\/wp\/v2\/types\/post"}],"author":[{"embeddable":true,"href":"https:\/\/www.radioamigavallenar.cl\/index.php?rest_route=\/wp\/v2\/users\/2"}],"replies":[{"embeddable":true,"href":"https:\/\/www.radioamigavallenar.cl\/index.php?rest_route=%2Fwp%2Fv2%2Fcomments&post=45737"}],"version-history":[{"count":3,"href":"https:\/\/www.radioamigavallenar.cl\/index.php?rest_route=\/wp\/v2\/posts\/45737\/revisions"}],"predecessor-version":[{"id":45741,"href":"https:\/\/www.radioamigavallenar.cl\/index.php?rest_route=\/wp\/v2\/posts\/45737\/revisions\/45741"}],"wp:featuredmedia":[{"embeddable":true,"href":"https:\/\/www.radioamigavallenar.cl\/index.php?rest_route=\/wp\/v2\/media\/45738"}],"wp:attachment":[{"href":"https:\/\/www.radioamigavallenar.cl\/index.php?rest_route=%2Fwp%2Fv2%2Fmedia&parent=45737"}],"wp:term":[{"taxonomy":"category","embeddable":true,"href":"https:\/\/www.radioamigavallenar.cl\/index.php?rest_route=%2Fwp%2Fv2%2Fcategories&post=45737"},{"taxonomy":"post_tag","embeddable":true,"href":"https:\/\/www.radioamigavallenar.cl\/index.php?rest_route=%2Fwp%2Fv2%2Ftags&post=45737"}],"curies":[{"name":"wp","href":"https:\/\/api.w.org\/{rel}","templated":true}]}}