{"id":45730,"date":"2021-10-12T11:52:13","date_gmt":"2021-10-12T14:52:13","guid":{"rendered":"https:\/\/www.radioamigavallenar.cl\/?p=45730"},"modified":"2021-10-12T11:52:32","modified_gmt":"2021-10-12T14:52:32","slug":"atacama-reporto-este-martes-5-casos-nuevos-de-covid-19","status":"publish","type":"post","link":"https:\/\/www.radioamigavallenar.cl\/?p=45730","title":{"rendered":"Atacama report\u00f3 hoy martes 5 casos nuevos de covid-19"},"content":{"rendered":"<p>Minsal inform\u00f3 este martes un total de 5 casos nuevos de la pandemia del Covid-19 en Atacama, de ellos todos fueron casos sintom\u00e1ticos, dos informados por ant\u00edgenos.\u00a0 Respecto a los activos, este martes se informaron 82 a nivel regional, con una tasa de incidencia de 26,1; Siendo al menos una de las m\u00e1s cifras m\u00e1s bajas de la zona norte del pa\u00eds,\u00a0 ya que el resto de las regiones superan ampliamente aquella cifra. Arica y Parinacota registr\u00f3 109, Tarapac\u00e1 159, Antofagasta 237 y la regi\u00f3n de Coquimbo 158.<\/p>\n<p>La positividad diaria informada se mantiene en 1%, igual porcentaje de la \u00faltima semana, se\u00f1ala dicho informe.<\/p>\n<p><a href=\"https:\/\/www.radioamigavallenar.cl\/wp-content\/uploads\/2021\/10\/FBgbjXSXEAUQ8cJ.jpg\"><img loading=\"lazy\" decoding=\"async\" class=\"alignnone size-full wp-image-45731\" src=\"https:\/\/www.radioamigavallenar.cl\/wp-content\/uploads\/2021\/10\/FBgbjXSXEAUQ8cJ.jpg\" alt=\"\" width=\"1080\" height=\"1080\" srcset=\"https:\/\/www.radioamigavallenar.cl\/wp-content\/uploads\/2021\/10\/FBgbjXSXEAUQ8cJ.jpg 1080w, https:\/\/www.radioamigavallenar.cl\/wp-content\/uploads\/2021\/10\/FBgbjXSXEAUQ8cJ-300x300.jpg 300w, https:\/\/www.radioamigavallenar.cl\/wp-content\/uploads\/2021\/10\/FBgbjXSXEAUQ8cJ-1024x1024.jpg 1024w, https:\/\/www.radioamigavallenar.cl\/wp-content\/uploads\/2021\/10\/FBgbjXSXEAUQ8cJ-150x150.jpg 150w, https:\/\/www.radioamigavallenar.cl\/wp-content\/uploads\/2021\/10\/FBgbjXSXEAUQ8cJ-768x768.jpg 768w\" sizes=\"auto, (max-width: 1080px) 100vw, 1080px\" \/><\/a><\/p>\n<p>Con ello Atacama alcanza a la fecha un total de 27.516 casos acumulados de la enfermedad.<\/p>\n","protected":false},"excerpt":{"rendered":"<p>Minsal inform\u00f3 este martes un total de 5 casos nuevos de la pandemia del Covid-19 en Atacama, de ellos todos fueron casos sintom\u00e1ticos, dos informados&hellip; <\/p>\n","protected":false},"author":2,"featured_media":41670,"comment_status":"open","ping_status":"closed","sticky":false,"template":"","format":"standard","meta":{"footnotes":""},"categories":[7],"tags":[],"class_list":["post-45730","post","type-post","status-publish","format-standard","has-post-thumbnail","hentry","category-atacama"],"_links":{"self":[{"href":"https:\/\/www.radioamigavallenar.cl\/index.php?rest_route=\/wp\/v2\/posts\/45730","targetHints":{"allow":["GET"]}}],"collection":[{"href":"https:\/\/www.radioamigavallenar.cl\/index.php?rest_route=\/wp\/v2\/posts"}],"about":[{"href":"https:\/\/www.radioamigavallenar.cl\/index.php?rest_route=\/wp\/v2\/types\/post"}],"author":[{"embeddable":true,"href":"https:\/\/www.radioamigavallenar.cl\/index.php?rest_route=\/wp\/v2\/users\/2"}],"replies":[{"embeddable":true,"href":"https:\/\/www.radioamigavallenar.cl\/index.php?rest_route=%2Fwp%2Fv2%2Fcomments&post=45730"}],"version-history":[{"count":2,"href":"https:\/\/www.radioamigavallenar.cl\/index.php?rest_route=\/wp\/v2\/posts\/45730\/revisions"}],"predecessor-version":[{"id":45733,"href":"https:\/\/www.radioamigavallenar.cl\/index.php?rest_route=\/wp\/v2\/posts\/45730\/revisions\/45733"}],"wp:featuredmedia":[{"embeddable":true,"href":"https:\/\/www.radioamigavallenar.cl\/index.php?rest_route=\/wp\/v2\/media\/41670"}],"wp:attachment":[{"href":"https:\/\/www.radioamigavallenar.cl\/index.php?rest_route=%2Fwp%2Fv2%2Fmedia&parent=45730"}],"wp:term":[{"taxonomy":"category","embeddable":true,"href":"https:\/\/www.radioamigavallenar.cl\/index.php?rest_route=%2Fwp%2Fv2%2Fcategories&post=45730"},{"taxonomy":"post_tag","embeddable":true,"href":"https:\/\/www.radioamigavallenar.cl\/index.php?rest_route=%2Fwp%2Fv2%2Ftags&post=45730"}],"curies":[{"name":"wp","href":"https:\/\/api.w.org\/{rel}","templated":true}]}}