{"id":45723,"date":"2021-10-12T10:22:49","date_gmt":"2021-10-12T13:22:49","guid":{"rendered":"https:\/\/www.radioamigavallenar.cl\/?p=45723"},"modified":"2021-10-12T10:22:49","modified_gmt":"2021-10-12T13:22:49","slug":"sii-activo-por-ultima-vez-la-opcion-para-pedir-el-prestamo-solidario-de-hasta-650-mil","status":"publish","type":"post","link":"https:\/\/www.radioamigavallenar.cl\/?p=45723","title":{"rendered":"SII activ\u00f3 por \u00faltima vez la opci\u00f3n para pedir el Pr\u00e9stamo Solidario de hasta $650 mil"},"content":{"rendered":"<div class=\"post-excerpt\">\n<p>ste mes de octubre es el \u00faltimo proceso para solicitar el Pr\u00e9stamo Solidario del Estado, que tiene un tope de $650 mil. Al postular, el sistema de forma autom\u00e1tica detallar\u00e1 el monto correspondiente.<\/p>\n<\/div>\n<div class=\"banners-contenido-nota-5087443\">\n<p>El Servicio de Impuestos Internos (SII) inform\u00f3 que est\u00e1 disponible la opci\u00f3n para que personas, empresarios individuales y pensionados por vejez o invalidez en modalidad de Renta Vitalicia puedan solicitar, durante octubre y como \u00faltimo mes, el Pr\u00e9stamo Solidario del Estado de hasta $650 mil.<\/p>\n<p>El pr\u00e9stamo tiene una\u00a0<strong>tasa de inter\u00e9s real 0<\/strong>\u00a0y pod\u00eda ser solicitado hasta en tres ocasiones (una vez por mes, continuos o discontinuos; y s\u00f3lo dos veces quienes fueron beneficiarios del Bono Clase Media).<\/p>\n<p>El monto al que es posible acceder corresponde a la diferencia entre el ingreso promedio mensual que se obtuvo durante el segundo semestre de 2020 y del mismo periodo de 2019, con un tope de $650 mil.<\/p>\n<p>\u201cLa plataforma de acceso al pr\u00e9stamo indicar\u00e1 -autom\u00e1ticamente- si la persona puede acceder al beneficio y el monto correspondiente\u201d, remarc\u00f3 el SII.<\/p>\n<p><strong>El Pr\u00e9stamo Solidario del Estado se puede pedir a continuaci\u00f3n o en\u00a0<a href=\"https:\/\/homer.sii.cl\/beneficios_covid19.html\">este enlace:<\/a><\/strong><\/p>\n<p><a href=\"https:\/\/homer.sii.cl\/beneficios_covid19.html\"><img loading=\"lazy\" decoding=\"async\" class=\"aligncenter size-full wp-image-5087458\" src=\"https:\/\/media.biobiochile.cl\/wp-content\/uploads\/2021\/10\/captura-de-pantalla-2021-10-12-a-las-10-12-16.png\" alt=\"\" width=\"349\" height=\"596\" \/><\/a><\/p>\n<h2 style=\"text-align: center;\">Requisitos para acceder al pr\u00e9stamo<\/h2>\n<p>-Tener un ingreso promedio mensual en 2019 mayor a $298.833 (al 31 de diciembre de 2019), equivalente a $311.934 a abril de 2021.<\/p>\n<p>-Registrar una disminuci\u00f3n de un 10% o m\u00e1s en los ingresos del segundo semestre de 2020, en comparaci\u00f3n con el mismo periodo de 2019.<\/p>\n<p>-No tener montos pendientes de restituci\u00f3n por haber obtenido indebidamente el Aporte Fiscal 2020.<\/p>\n<p>-En el caso de los pensionados, para acceder a este pr\u00e9stamo, deben contar con una pensi\u00f3n por vejez o invalidez en la modalidad de Renta Vitalicia, por hasta $408.125. El monto al que pueden acceder ser\u00e1 igual o menor al de su pensi\u00f3n.<\/p>\n<p>La informaci\u00f3n completa sobre este beneficio se puede revisar en\u00a0<a href=\"http:\/\/www.sii.cl\/\">www.sii.cl<\/a>\u00a0o llamando a la Mesa de Ayuda (600 329 20 11).<\/p>\n<\/div>\n","protected":false},"excerpt":{"rendered":"<p>ste mes de octubre es el \u00faltimo proceso para solicitar el Pr\u00e9stamo Solidario del Estado, que tiene un tope de $650 mil. Al postular, el&hellip; <\/p>\n","protected":false},"author":2,"featured_media":43115,"comment_status":"open","ping_status":"closed","sticky":false,"template":"","format":"standard","meta":{"footnotes":""},"categories":[38],"tags":[],"class_list":["post-45723","post","type-post","status-publish","format-standard","has-post-thumbnail","hentry","category-portada-regional"],"_links":{"self":[{"href":"https:\/\/www.radioamigavallenar.cl\/index.php?rest_route=\/wp\/v2\/posts\/45723","targetHints":{"allow":["GET"]}}],"collection":[{"href":"https:\/\/www.radioamigavallenar.cl\/index.php?rest_route=\/wp\/v2\/posts"}],"about":[{"href":"https:\/\/www.radioamigavallenar.cl\/index.php?rest_route=\/wp\/v2\/types\/post"}],"author":[{"embeddable":true,"href":"https:\/\/www.radioamigavallenar.cl\/index.php?rest_route=\/wp\/v2\/users\/2"}],"replies":[{"embeddable":true,"href":"https:\/\/www.radioamigavallenar.cl\/index.php?rest_route=%2Fwp%2Fv2%2Fcomments&post=45723"}],"version-history":[{"count":1,"href":"https:\/\/www.radioamigavallenar.cl\/index.php?rest_route=\/wp\/v2\/posts\/45723\/revisions"}],"predecessor-version":[{"id":45724,"href":"https:\/\/www.radioamigavallenar.cl\/index.php?rest_route=\/wp\/v2\/posts\/45723\/revisions\/45724"}],"wp:featuredmedia":[{"embeddable":true,"href":"https:\/\/www.radioamigavallenar.cl\/index.php?rest_route=\/wp\/v2\/media\/43115"}],"wp:attachment":[{"href":"https:\/\/www.radioamigavallenar.cl\/index.php?rest_route=%2Fwp%2Fv2%2Fmedia&parent=45723"}],"wp:term":[{"taxonomy":"category","embeddable":true,"href":"https:\/\/www.radioamigavallenar.cl\/index.php?rest_route=%2Fwp%2Fv2%2Fcategories&post=45723"},{"taxonomy":"post_tag","embeddable":true,"href":"https:\/\/www.radioamigavallenar.cl\/index.php?rest_route=%2Fwp%2Fv2%2Ftags&post=45723"}],"curies":[{"name":"wp","href":"https:\/\/api.w.org\/{rel}","templated":true}]}}