{"id":45720,"date":"2021-10-12T10:21:13","date_gmt":"2021-10-12T13:21:13","guid":{"rendered":"https:\/\/www.radioamigavallenar.cl\/?p=45720"},"modified":"2021-10-12T10:21:13","modified_gmt":"2021-10-12T13:21:13","slug":"fmi-sube-proyeccion-para-chile-hasta-11-este-ano-y-economia-anotara-la-mayor-alza-de-la-region","status":"publish","type":"post","link":"https:\/\/www.radioamigavallenar.cl\/?p=45720","title":{"rendered":"FMI sube proyecci\u00f3n para Chile hasta 11% este a\u00f1o y econom\u00eda anotar\u00e1 la mayor alza de la regi\u00f3n"},"content":{"rendered":"<p>El Fondo Monetario Internacional (FMI) increment\u00f3 a 11% la proyecci\u00f3n de crecimiento para la econom\u00eda chilena este 2021.<\/p>\n<p>Se trata del quinto ajuste al alza que hace el organismo este a\u00f1o, luego del 6,5% que pronostic\u00f3 a fines de abril, 6,2% a comienzos de abril, 6,0% de marzo y 5,8% de febrero.<\/p>\n<p>El organismo, que es dirigido por Kristalina Georgieva, estim\u00f3 que el PIB del pa\u00eds se expandir\u00e1 2,5% el pr\u00f3ximo a\u00f1o, sum\u00e1ndose a las diversas proyecciones, entre ellas las del Banco Central (entre 1 y 2,5%) y del Banco Mundial (2,4%), que consideran una fuerte desaceleraci\u00f3n para el pr\u00f3ximo a\u00f1o.<\/p>\n<h1 style=\"text-align: center;\">Mayor crecimiento de la regi\u00f3n y mundial<\/h1>\n<p>El Fondo Monetario Internacional (FMI) elev\u00f3 las previsiones de crecimiento econ\u00f3mico de Am\u00e9rica Latina en 2021 al 6,3%, medio punto por encima de su pron\u00f3stico anterior, gracias principalmente al buen desarrollo del sector exportador de materias primas. Seg\u00fan el reporte del organismo, Chile ser\u00e1 la econom\u00eda que anotar\u00e1 la mayor expansi\u00f3n de la regi\u00f3n este a\u00f1o, a su vez, registrar\u00e1 una de las mayores desaceleraciones en 2022.<\/p>\n<p>El PIB local superar\u00e1 a Per\u00fa (10%), Brasil (5,2%), Colombia (7,6%), Argentina (7,5%), M\u00e9xico (6,2%), entre las principales de la regi\u00f3n. Mientras que para el pr\u00f3ximo a\u00f1o algunas de las econom\u00edas registrar\u00e1n tambi\u00e9n una importante ca\u00edda en la actividad: Per\u00fa (4,6%), Brasil (1,5%), Colombia (3,8%), Argentina (2,5%), M\u00e9xico (4,0%). En tanto, el organismo redujo levemente su pron\u00f3stico de crecimiento mundial para 2021, a 5,9% (-0,1 puntos porcentuales con respecto a julio), pero disminuy\u00f3 dr\u00e1sticamente la previsi\u00f3n para Estados Unidos, la mayor econom\u00eda mundial, a 6,0% (-1,0 punto), seg\u00fan sus \u00faltimas proyecciones publicadas el martes.<\/p>\n<p>Un impacto prolongado de la pandemia de covid-19 \u00abpodr\u00eda reducir el PIB mundial en un acumulado de US$5,3 billones durante los pr\u00f3ximos cinco a\u00f1os\u00bb, advirti\u00f3 el martes la economista en jefe del Fondo Monetario Internacional, Gita Gopinath, al actualizar las \u00abPerspectivas de la econom\u00eda mundial\u00bb.<\/p>\n","protected":false},"excerpt":{"rendered":"<p>El Fondo Monetario Internacional (FMI) increment\u00f3 a 11% la proyecci\u00f3n de crecimiento para la econom\u00eda chilena este 2021. Se trata del quinto ajuste al alza&hellip; <\/p>\n","protected":false},"author":2,"featured_media":45721,"comment_status":"open","ping_status":"closed","sticky":false,"template":"","format":"standard","meta":{"footnotes":""},"categories":[37],"tags":[],"class_list":["post-45720","post","type-post","status-publish","format-standard","has-post-thumbnail","hentry","category-nacional"],"_links":{"self":[{"href":"https:\/\/www.radioamigavallenar.cl\/index.php?rest_route=\/wp\/v2\/posts\/45720","targetHints":{"allow":["GET"]}}],"collection":[{"href":"https:\/\/www.radioamigavallenar.cl\/index.php?rest_route=\/wp\/v2\/posts"}],"about":[{"href":"https:\/\/www.radioamigavallenar.cl\/index.php?rest_route=\/wp\/v2\/types\/post"}],"author":[{"embeddable":true,"href":"https:\/\/www.radioamigavallenar.cl\/index.php?rest_route=\/wp\/v2\/users\/2"}],"replies":[{"embeddable":true,"href":"https:\/\/www.radioamigavallenar.cl\/index.php?rest_route=%2Fwp%2Fv2%2Fcomments&post=45720"}],"version-history":[{"count":1,"href":"https:\/\/www.radioamigavallenar.cl\/index.php?rest_route=\/wp\/v2\/posts\/45720\/revisions"}],"predecessor-version":[{"id":45722,"href":"https:\/\/www.radioamigavallenar.cl\/index.php?rest_route=\/wp\/v2\/posts\/45720\/revisions\/45722"}],"wp:featuredmedia":[{"embeddable":true,"href":"https:\/\/www.radioamigavallenar.cl\/index.php?rest_route=\/wp\/v2\/media\/45721"}],"wp:attachment":[{"href":"https:\/\/www.radioamigavallenar.cl\/index.php?rest_route=%2Fwp%2Fv2%2Fmedia&parent=45720"}],"wp:term":[{"taxonomy":"category","embeddable":true,"href":"https:\/\/www.radioamigavallenar.cl\/index.php?rest_route=%2Fwp%2Fv2%2Fcategories&post=45720"},{"taxonomy":"post_tag","embeddable":true,"href":"https:\/\/www.radioamigavallenar.cl\/index.php?rest_route=%2Fwp%2Fv2%2Ftags&post=45720"}],"curies":[{"name":"wp","href":"https:\/\/api.w.org\/{rel}","templated":true}]}}