{"id":45718,"date":"2021-10-12T10:18:52","date_gmt":"2021-10-12T13:18:52","guid":{"rendered":"https:\/\/www.radioamigavallenar.cl\/?p=45718"},"modified":"2021-10-12T10:18:52","modified_gmt":"2021-10-12T13:18:52","slug":"dolar-sube-con-fuerza-esta-manana-y-mercado-se-mantendra-expectante-sobre-decision-de-tasa-del-banco-central","status":"publish","type":"post","link":"https:\/\/www.radioamigavallenar.cl\/?p=45718","title":{"rendered":"D\u00f3lar sube con fuerza esta ma\u00f1ana y mercado se mantendr\u00e1 expectante sobre decisi\u00f3n de tasa del Banco Central"},"content":{"rendered":"<p>La entidad comenzar\u00e1 hoy su reuni\u00f3n de dos d\u00edas, respecto de la tasa de pol\u00edtica monetaria. Analistas no descartan otra hist\u00f3rica alza.<\/p>\n<p>El d\u00f3lar opera con una fuerte alza en el mercado cambiario local, mientras que el mercado presta atenci\u00f3n a la decisi\u00f3n de pol\u00edtica monetaria que el Banco Central anunciar\u00e1 este mi\u00e9rcoles. A las 09:24 horas de esta ma\u00f1ana, la divisa se tranasaba con un incremento de $7,16, ubic\u00e1ndose en puntas de $828,76 vendedor y $828,41 comprador.<\/p>\n<p>\u00c1ngel Rubilar, Asesor de Inversiones y Trading de Libertex, indic\u00f3 que esta cotizaci\u00f3n se da \u00abfrente a que ma\u00f1ana mi\u00e9rcoles el Banco Central va a anunciar la tercera subida de tasa para este a\u00f1o y se espera que sea m\u00e1s agresiva que la anterior, pudiendo ser de 100 puntos base\u00bb.<\/p>\n<p>Esto, debido a que el IPC del mes de septiembre super\u00f3 el 0,8% esperado, llegando a los 1,2%, y a que el d\u00f3lar se mantiene en alza sostenida, \u00abpor lo que las pol\u00edticas monetarias para realizar los ajustes necesarios deber\u00e1n ser de mayor agresividad\u00bb.<\/p>\n<p>Ra\u00fal Godoy, jefe de An\u00e1lisis de XTB Latam, dijo que \u00abt\u00e9cnicamente seguimos considerando que el d\u00f3lar se encuentra en una clara tendencia alcista. Mientras se mantenga sobre $810, es muy probable que sigamos viendo alzas hacia los $826 &#8211; $830 en el corto plazo\u00bb.<\/p>\n<h4 style=\"text-align: center;\">Cobre recupera terreno<\/h4>\n<p>Con un alza de 0,61% cerr\u00f3 este martes el cobre en la Bolsa de Metales de Londres (LME), al transarse en US$4,34768 la libra, lo que se compara con los US$4,32138 del lunes. Con ello, el promedio del mes se ubic\u00f3 en US$4,20157 y el anual en US$4,16910<\/p>\n","protected":false},"excerpt":{"rendered":"<p>La entidad comenzar\u00e1 hoy su reuni\u00f3n de dos d\u00edas, respecto de la tasa de pol\u00edtica monetaria. Analistas no descartan otra hist\u00f3rica alza. El d\u00f3lar opera&hellip; <\/p>\n","protected":false},"author":2,"featured_media":33029,"comment_status":"open","ping_status":"closed","sticky":false,"template":"","format":"standard","meta":{"footnotes":""},"categories":[38],"tags":[],"class_list":["post-45718","post","type-post","status-publish","format-standard","has-post-thumbnail","hentry","category-portada-regional"],"_links":{"self":[{"href":"https:\/\/www.radioamigavallenar.cl\/index.php?rest_route=\/wp\/v2\/posts\/45718","targetHints":{"allow":["GET"]}}],"collection":[{"href":"https:\/\/www.radioamigavallenar.cl\/index.php?rest_route=\/wp\/v2\/posts"}],"about":[{"href":"https:\/\/www.radioamigavallenar.cl\/index.php?rest_route=\/wp\/v2\/types\/post"}],"author":[{"embeddable":true,"href":"https:\/\/www.radioamigavallenar.cl\/index.php?rest_route=\/wp\/v2\/users\/2"}],"replies":[{"embeddable":true,"href":"https:\/\/www.radioamigavallenar.cl\/index.php?rest_route=%2Fwp%2Fv2%2Fcomments&post=45718"}],"version-history":[{"count":1,"href":"https:\/\/www.radioamigavallenar.cl\/index.php?rest_route=\/wp\/v2\/posts\/45718\/revisions"}],"predecessor-version":[{"id":45719,"href":"https:\/\/www.radioamigavallenar.cl\/index.php?rest_route=\/wp\/v2\/posts\/45718\/revisions\/45719"}],"wp:featuredmedia":[{"embeddable":true,"href":"https:\/\/www.radioamigavallenar.cl\/index.php?rest_route=\/wp\/v2\/media\/33029"}],"wp:attachment":[{"href":"https:\/\/www.radioamigavallenar.cl\/index.php?rest_route=%2Fwp%2Fv2%2Fmedia&parent=45718"}],"wp:term":[{"taxonomy":"category","embeddable":true,"href":"https:\/\/www.radioamigavallenar.cl\/index.php?rest_route=%2Fwp%2Fv2%2Fcategories&post=45718"},{"taxonomy":"post_tag","embeddable":true,"href":"https:\/\/www.radioamigavallenar.cl\/index.php?rest_route=%2Fwp%2Fv2%2Ftags&post=45718"}],"curies":[{"name":"wp","href":"https:\/\/api.w.org\/{rel}","templated":true}]}}