{"id":45716,"date":"2021-10-12T09:11:40","date_gmt":"2021-10-12T12:11:40","guid":{"rendered":"https:\/\/www.radioamigavallenar.cl\/?p=45716"},"modified":"2021-10-12T09:11:40","modified_gmt":"2021-10-12T12:11:40","slug":"plan-paso-a-paso-en-atacama-diego-de-almagro-retrocede-a-preparacion-y-alto-del-carmen-avanza-al-paso-4","status":"publish","type":"post","link":"https:\/\/www.radioamigavallenar.cl\/?p=45716","title":{"rendered":"Plan Paso a Paso en Atacama: Diego de Almagro retrocede a Preparaci\u00f3n y Alto del Carmen avanza al paso 4"},"content":{"rendered":"<h2>Desde el mi\u00e9rcoles 13 de octubre a las 05 de la ma\u00f1ana.<span id=\"more-275331\"><\/span><\/h2>\n<p>&nbsp;<\/p>\n<p>El Minsal inform\u00f3, los cambios en el Plan Paso a Paso para varias comunas del pa\u00eds, entre ellas dos comunas de la regi\u00f3n de Atacama, donde Diego de Almagro retroceder\u00e1 de fase, a Preparaci\u00f3n y Alto del Carmen avanza al paso 4 de\u00a0 Apertura inicial, todos los cambios a contar del d\u00eda mi\u00e9rcoles 13 de octubre a las 05 de la ma\u00f1ana.<\/p>\n<p>&nbsp;<\/p>\n<p><img loading=\"lazy\" decoding=\"async\" class=\"alignnone size-full wp-image-275333 lazy-loaded\" src=\"https:\/\/www.maray.cl\/wp-content\/uploads\/2021\/10\/4545.png\" sizes=\"auto, (max-width: 1175px) 100vw, 1175px\" srcset=\"https:\/\/www.maray.cl\/wp-content\/uploads\/2021\/10\/4545.png 1175w, https:\/\/www.maray.cl\/wp-content\/uploads\/2021\/10\/4545-600x289.png 600w, https:\/\/www.maray.cl\/wp-content\/uploads\/2021\/10\/4545-800x385.png 800w, https:\/\/www.maray.cl\/wp-content\/uploads\/2021\/10\/4545-768x369.png 768w\" alt=\"\" width=\"1175\" height=\"565\" data-lazy-type=\"image\" data-src=\"https:\/\/www.maray.cl\/wp-content\/uploads\/2021\/10\/4545.png\" data-srcset=\"\" \/>\u00a0<img loading=\"lazy\" decoding=\"async\" class=\"alignnone size-full wp-image-275332 lazy-loaded\" src=\"https:\/\/www.maray.cl\/wp-content\/uploads\/2021\/10\/4546.png\" sizes=\"auto, (max-width: 1188px) 100vw, 1188px\" srcset=\"https:\/\/www.maray.cl\/wp-content\/uploads\/2021\/10\/4546.png 1188w, https:\/\/www.maray.cl\/wp-content\/uploads\/2021\/10\/4546-600x288.png 600w, https:\/\/www.maray.cl\/wp-content\/uploads\/2021\/10\/4546-800x385.png 800w, https:\/\/www.maray.cl\/wp-content\/uploads\/2021\/10\/4546-768x369.png 768w\" alt=\"\" width=\"1188\" height=\"571\" data-lazy-type=\"image\" data-src=\"https:\/\/www.maray.cl\/wp-content\/uploads\/2021\/10\/4546.png\" data-srcset=\"\" \/><\/p>\n","protected":false},"excerpt":{"rendered":"<p>Desde el mi\u00e9rcoles 13 de octubre a las 05 de la ma\u00f1ana. &nbsp; El Minsal inform\u00f3, los cambios en el Plan Paso a Paso para&hellip; <\/p>\n","protected":false},"author":2,"featured_media":23330,"comment_status":"open","ping_status":"closed","sticky":false,"template":"","format":"standard","meta":{"footnotes":""},"categories":[7],"tags":[],"class_list":["post-45716","post","type-post","status-publish","format-standard","has-post-thumbnail","hentry","category-atacama"],"_links":{"self":[{"href":"https:\/\/www.radioamigavallenar.cl\/index.php?rest_route=\/wp\/v2\/posts\/45716","targetHints":{"allow":["GET"]}}],"collection":[{"href":"https:\/\/www.radioamigavallenar.cl\/index.php?rest_route=\/wp\/v2\/posts"}],"about":[{"href":"https:\/\/www.radioamigavallenar.cl\/index.php?rest_route=\/wp\/v2\/types\/post"}],"author":[{"embeddable":true,"href":"https:\/\/www.radioamigavallenar.cl\/index.php?rest_route=\/wp\/v2\/users\/2"}],"replies":[{"embeddable":true,"href":"https:\/\/www.radioamigavallenar.cl\/index.php?rest_route=%2Fwp%2Fv2%2Fcomments&post=45716"}],"version-history":[{"count":1,"href":"https:\/\/www.radioamigavallenar.cl\/index.php?rest_route=\/wp\/v2\/posts\/45716\/revisions"}],"predecessor-version":[{"id":45717,"href":"https:\/\/www.radioamigavallenar.cl\/index.php?rest_route=\/wp\/v2\/posts\/45716\/revisions\/45717"}],"wp:featuredmedia":[{"embeddable":true,"href":"https:\/\/www.radioamigavallenar.cl\/index.php?rest_route=\/wp\/v2\/media\/23330"}],"wp:attachment":[{"href":"https:\/\/www.radioamigavallenar.cl\/index.php?rest_route=%2Fwp%2Fv2%2Fmedia&parent=45716"}],"wp:term":[{"taxonomy":"category","embeddable":true,"href":"https:\/\/www.radioamigavallenar.cl\/index.php?rest_route=%2Fwp%2Fv2%2Fcategories&post=45716"},{"taxonomy":"post_tag","embeddable":true,"href":"https:\/\/www.radioamigavallenar.cl\/index.php?rest_route=%2Fwp%2Fv2%2Ftags&post=45716"}],"curies":[{"name":"wp","href":"https:\/\/api.w.org\/{rel}","templated":true}]}}