{"id":45709,"date":"2021-10-12T06:00:02","date_gmt":"2021-10-12T09:00:02","guid":{"rendered":"https:\/\/www.radioamigavallenar.cl\/?p=45709"},"modified":"2021-10-11T21:01:32","modified_gmt":"2021-10-12T00:01:32","slug":"presidente-de-codelco-asegura-que-minera-producira-este-ano-entre-un-2-y-un-3-mas-de-cobre-de-lo-que-esperaba","status":"publish","type":"post","link":"https:\/\/www.radioamigavallenar.cl\/?p=45709","title":{"rendered":"Presidente de Codelco asegura que minera producir\u00e1 este a\u00f1o entre un 2% y un 3% m\u00e1s de cobre de lo que esperaba"},"content":{"rendered":"<p>Juan Benavides, asegur\u00f3 que tienen \u00abfuertes\u00bb flujos de caja, que est\u00e1n utilizando para financiar sus operaciones y proyectos estructurales. \u00abNo necesitamos pedir pr\u00e9stamos a corto plazo\u00bb, acot\u00f3.<\/p>\n<p>La minera estatal Codelco producir\u00e1 este a\u00f1o entre un 2% y un 3% m\u00e1s de cobre de lo que esperaba, a pesar de la huelga en su operaci\u00f3n Andina, dijo a Reuters Juan Benavides, presidente del directorio del mayor productor mundial de cobre.<\/p>\n<p>Los precios r\u00e9cord del cobre este a\u00f1o han hecho que los ingresos de las empresas mineras se disparen y que los sindicatos en Chile presionen para conseguir contratos m\u00e1s beneficiosos, creando tensas negociaciones que corren el riesgo de provocar huelgas y p\u00e9rdidas de producci\u00f3n.<\/p>\n<p>La producci\u00f3n de Codelco en agosto cay\u00f3 un 6,7% interanual, hasta las 144.500 toneladas, seg\u00fan inform\u00f3 la comisi\u00f3n estatal chilena del cobre, Cochilco, afectada por una huelga en su mina Andina, cerca de Santiago, a finales de mes. Andina produjo 184.000 toneladas de cobre el a\u00f1o pasado. \u00abPor supuesto que la producci\u00f3n de Andina se reducir\u00e1, pero Andina y Codelco en general estar\u00e1n por encima del presupuesto de producci\u00f3n de 1,6 millones de toneladas este a\u00f1o\u00bb, dijo Benavides hoy en una entrevista para la LME Week, un encuentro de la industria metal\u00fargica en Londres.<\/p>\n<p>\u00abTenemos fuertes flujos de caja, que estamos utilizando para financiar nuestras operaciones y proyectos estructurales. No necesitamos pedir pr\u00e9stamos a corto plazo\u00bb, sostuvo y a\u00f1adi\u00f3 que el efectivo no se destinar\u00eda a pagar la deuda. Los precios del cobre se hundieron el a\u00f1o pasado debido a que la pandemia de coronavirus afect\u00f3 a la actividad manufacturera, pero la relajaci\u00f3n de los confinamientos desde finales del a\u00f1o pasado, especialmente en el principal consumidor, China, impuls\u00f3 un aumento de los precios.<\/p>\n<p>Codelco se encuentra en medio de una iniciativa de 40.000 millones de d\u00f3lares a 10 a\u00f1os para modernizar sus extensas, pero envejecidas minas que han sufrido en los \u00faltimos a\u00f1os la fuerte ca\u00edda de la ley del mineral. Benavides conf\u00eda en que el proyecto de ley de protecci\u00f3n de los glaciares de Chile no desbaratar\u00e1 los planes de Codelco para la mina Andina. \u00abHemos decidido alejar la mina Andina de los glaciares\u00bb, dijo y agreg\u00f3 que \u00abestamos convencidos de que es posible seguir adelante con el desarrollo de la mina Andina y proteger los glaciares al mismo tiempo\u00bb.<\/p>\n<p>Chile ha presentado planes para exigir a las mineras del pa\u00eds que reduzcan el uso del agua en medio de una prolongada sequ\u00eda. Quiere que el agua que utilizan las empresas mineras procedente de glaciares, r\u00edos y lagos se reduzca al 10% del total en 2030 y al 5% en 2050, desde el 18% actual, y que alcancen la neutralidad de carbono en 2040.<\/p>\n<p>&nbsp;<\/p>\n","protected":false},"excerpt":{"rendered":"<p>Juan Benavides, asegur\u00f3 que tienen \u00abfuertes\u00bb flujos de caja, que est\u00e1n utilizando para financiar sus operaciones y proyectos estructurales. \u00abNo necesitamos pedir pr\u00e9stamos a corto&hellip; <\/p>\n","protected":false},"author":2,"featured_media":33210,"comment_status":"open","ping_status":"closed","sticky":false,"template":"","format":"standard","meta":{"footnotes":""},"categories":[38],"tags":[],"class_list":["post-45709","post","type-post","status-publish","format-standard","has-post-thumbnail","hentry","category-portada-regional"],"_links":{"self":[{"href":"https:\/\/www.radioamigavallenar.cl\/index.php?rest_route=\/wp\/v2\/posts\/45709","targetHints":{"allow":["GET"]}}],"collection":[{"href":"https:\/\/www.radioamigavallenar.cl\/index.php?rest_route=\/wp\/v2\/posts"}],"about":[{"href":"https:\/\/www.radioamigavallenar.cl\/index.php?rest_route=\/wp\/v2\/types\/post"}],"author":[{"embeddable":true,"href":"https:\/\/www.radioamigavallenar.cl\/index.php?rest_route=\/wp\/v2\/users\/2"}],"replies":[{"embeddable":true,"href":"https:\/\/www.radioamigavallenar.cl\/index.php?rest_route=%2Fwp%2Fv2%2Fcomments&post=45709"}],"version-history":[{"count":1,"href":"https:\/\/www.radioamigavallenar.cl\/index.php?rest_route=\/wp\/v2\/posts\/45709\/revisions"}],"predecessor-version":[{"id":45710,"href":"https:\/\/www.radioamigavallenar.cl\/index.php?rest_route=\/wp\/v2\/posts\/45709\/revisions\/45710"}],"wp:featuredmedia":[{"embeddable":true,"href":"https:\/\/www.radioamigavallenar.cl\/index.php?rest_route=\/wp\/v2\/media\/33210"}],"wp:attachment":[{"href":"https:\/\/www.radioamigavallenar.cl\/index.php?rest_route=%2Fwp%2Fv2%2Fmedia&parent=45709"}],"wp:term":[{"taxonomy":"category","embeddable":true,"href":"https:\/\/www.radioamigavallenar.cl\/index.php?rest_route=%2Fwp%2Fv2%2Fcategories&post=45709"},{"taxonomy":"post_tag","embeddable":true,"href":"https:\/\/www.radioamigavallenar.cl\/index.php?rest_route=%2Fwp%2Fv2%2Ftags&post=45709"}],"curies":[{"name":"wp","href":"https:\/\/api.w.org\/{rel}","templated":true}]}}