{"id":45706,"date":"2021-10-12T06:00:56","date_gmt":"2021-10-12T09:00:56","guid":{"rendered":"https:\/\/www.radioamigavallenar.cl\/?p=45706"},"modified":"2021-10-11T20:59:37","modified_gmt":"2021-10-11T23:59:37","slug":"gobierno-decretaria-hoy-martes-estado-de-emergencia-en-la-macrozona-sur-por-hechos-de-violencia","status":"publish","type":"post","link":"https:\/\/www.radioamigavallenar.cl\/?p=45706","title":{"rendered":"Gobierno decretar\u00eda hoy martes Estado de Emergencia en la Macrozona Sur por hechos de violencia"},"content":{"rendered":"<div class=\"post-excerpt\">\n<p>El Gobierno alista el decreto que establecer\u00e1 un Estado de Excepci\u00f3n Constitucional en la denominada Macrozona Sur. En concreto, se trata de un Estado de Emergencia que en principio tendr\u00e1 una vigencia de 15 d\u00edas.<\/p>\n<\/div>\n<div class=\"banners-contenido-nota-5087059\">\n<p>Hoy martes el presidente de la Rep\u00fablica, Sebasti\u00e1n Pi\u00f1era, firmar\u00eda el documento que establecer\u00e1 Estado de Emergencia en las provincias de Malleco y Caut\u00edn de la regi\u00f3n de La Araucan\u00eda y en la provincia de Arauco, al sur de la regi\u00f3n del B\u00edo B\u00edo.<\/p>\n<p>El senador de Renovaci\u00f3n Nacional, Francisco Chahu\u00e1n, confirm\u00f3 la informaci\u00f3n y valor\u00f3 la decisi\u00f3n del Ejecutivo, considerando los hechos de violencia que se vienen registrando en la zona.<\/p>\n<p>\u201cEl Gobierno entendi\u00f3 que hab\u00eda que terminar con la impunidad de la violencia rural generada en la Macrozona Sur. Es por eso que se necesita restablecer el orden, se necesita restablecer la paz social. Las comunidades mapuche estaban cansadas de verse amenazadas por el narcoterrorismo (\u2026) que se esconde detr\u00e1s de la causa de los pueblos originarios\u201d, indic\u00f3 el parlamentario oficialista.<\/p>\n<p>Adem\u00e1s, el senador indic\u00f3 que presentar\u00e1n una querella en contra de la Coordinadora Arauco-Malleco (CAM) buscando que se persigan \u201ctodas y cada una de las responsabilidades\u201d.<\/p>\n<p>De acuerdo a la normativa vigente en nuestro pa\u00eds, el Presidente tiene la facultad de decretar el Estado de Emergencia en caso de grave alteraci\u00f3n del orden p\u00fablico o por da\u00f1o o peligro para la seguridad de la Naci\u00f3n.<\/p>\n<p>La medida tiene una duraci\u00f3n m\u00e1xima de 15 d\u00edas corridos y puede ser prorrogada por otros 15 d\u00edas m\u00e1s. Para una nueva prolongaci\u00f3n, el Mandatario necesitar\u00eda que el Congreso est\u00e9 de acuerdo.<\/p>\n<\/div>\n","protected":false},"excerpt":{"rendered":"<p>El Gobierno alista el decreto que establecer\u00e1 un Estado de Excepci\u00f3n Constitucional en la denominada Macrozona Sur. En concreto, se trata de un Estado de&hellip; <\/p>\n","protected":false},"author":2,"featured_media":45707,"comment_status":"open","ping_status":"closed","sticky":false,"template":"","format":"standard","meta":{"footnotes":""},"categories":[37],"tags":[],"class_list":["post-45706","post","type-post","status-publish","format-standard","has-post-thumbnail","hentry","category-nacional"],"_links":{"self":[{"href":"https:\/\/www.radioamigavallenar.cl\/index.php?rest_route=\/wp\/v2\/posts\/45706","targetHints":{"allow":["GET"]}}],"collection":[{"href":"https:\/\/www.radioamigavallenar.cl\/index.php?rest_route=\/wp\/v2\/posts"}],"about":[{"href":"https:\/\/www.radioamigavallenar.cl\/index.php?rest_route=\/wp\/v2\/types\/post"}],"author":[{"embeddable":true,"href":"https:\/\/www.radioamigavallenar.cl\/index.php?rest_route=\/wp\/v2\/users\/2"}],"replies":[{"embeddable":true,"href":"https:\/\/www.radioamigavallenar.cl\/index.php?rest_route=%2Fwp%2Fv2%2Fcomments&post=45706"}],"version-history":[{"count":1,"href":"https:\/\/www.radioamigavallenar.cl\/index.php?rest_route=\/wp\/v2\/posts\/45706\/revisions"}],"predecessor-version":[{"id":45708,"href":"https:\/\/www.radioamigavallenar.cl\/index.php?rest_route=\/wp\/v2\/posts\/45706\/revisions\/45708"}],"wp:featuredmedia":[{"embeddable":true,"href":"https:\/\/www.radioamigavallenar.cl\/index.php?rest_route=\/wp\/v2\/media\/45707"}],"wp:attachment":[{"href":"https:\/\/www.radioamigavallenar.cl\/index.php?rest_route=%2Fwp%2Fv2%2Fmedia&parent=45706"}],"wp:term":[{"taxonomy":"category","embeddable":true,"href":"https:\/\/www.radioamigavallenar.cl\/index.php?rest_route=%2Fwp%2Fv2%2Fcategories&post=45706"},{"taxonomy":"post_tag","embeddable":true,"href":"https:\/\/www.radioamigavallenar.cl\/index.php?rest_route=%2Fwp%2Fv2%2Ftags&post=45706"}],"curies":[{"name":"wp","href":"https:\/\/api.w.org\/{rel}","templated":true}]}}