{"id":45703,"date":"2021-10-12T06:00:35","date_gmt":"2021-10-12T09:00:35","guid":{"rendered":"https:\/\/www.radioamigavallenar.cl\/?p=45703"},"modified":"2021-10-11T20:55:45","modified_gmt":"2021-10-11T23:55:45","slug":"prodemu-ha-llegado-a-4-000-mujeres-y-johanna-fernandez-se-despliega-por-valles-y-localidades-rurales-de-atacama","status":"publish","type":"post","link":"https:\/\/www.radioamigavallenar.cl\/?p=45703","title":{"rendered":"PRODEMU ha llegado a 4.000 mujeres y Johanna Fern\u00e1ndez se despliega por valles y localidades rurales de Atacama"},"content":{"rendered":"<ul>\n<li style=\"text-align: left;\"><span lang=\"ES-MX\">La meta es llegar a 6.000 a fin de a\u00f1o. \u201cAgradecemos a cada mujer y agrupaci\u00f3n por recibirnos en sus hogares. Esa cercan\u00eda ha sido clave para avanzar\u201d.\u00a0<\/span>\n<p><span lang=\"ES-MX\">Con el objetivo de orientar, capacitar e informar a m\u00e1s mujeres de la regi\u00f3n, sobre las rutas, programas, iniciativas y campa\u00f1as que desarrolla y ejecutar\u00e1 PRODEMU en Atacama, la directora regional Johanna Fern\u00e1ndez Rodr\u00edguez se ha desplegado en el valle del Tr\u00e1nsito (Alto del Carmen), en la localidad de Inca de Oro (Diego de Almagro) y en la localidad de Barquito (Cha\u00f1aral), por cierto, en Vallenar, Copiap\u00f3, Tierra Amarilla, Caldera, Freirina y Huasco. \u00a0<\/span><\/p>\n<p><b><\/b><\/li>\n<\/ul>\n<p style=\"text-align: center;\"><b><span lang=\"ES-MX\">Alto del Carmen (Valle del Tr\u00e1nsito)\u00a0<\/span><\/b><\/p>\n<p><span lang=\"ES-MX\">La directora regional de PRODEMU recorri\u00f3 m\u00e1s de 250 kil\u00f3metros para llegar a la comuna de Alto del Carmen, particularmente, para desplegarse por el Valle del Tr\u00e1nsito durante las \u00faltimas semanas. \u201cLlegamos hasta la localidad de marquesa donde tuve el honor de conocer a mujeres muy trabajadoras y empoderadas. Les explique los detalles y alcances de nuestra oferta program\u00e1tica y quedamos en continuar trabajando juntas. As\u00ed mismo, llegu\u00e9 al sector de Los Perales, donde hay mujeres incre\u00edbles que trabajan con la tierra. Yo quiero hacer un llamado al sector p\u00fablico y privado para que se acerquen a estos lugares, las mujeres esperan con los brazos abiertos para postular a proyectos y fondos concursables.\u00a0\u00a0Del mismo modo, llegu\u00e9 hasta el villorrio de Junta Valeriano, donde conoc\u00ed a Albadina, una mujer notable y asumimos el compromiso de integrarla a PRODEMU, a nuestra base de datos (\u2026) para que en el futuro pueda participar de nuestra oferta program\u00e1tica\u201d. \u00a0<\/span><\/p>\n<p><span lang=\"ES-MX\">\u201cEste despliegue en Alto del Carmen ha sido muy fruct\u00edfero porque he llegado a los hogares con informaci\u00f3n, con una invitaci\u00f3n a ser parte de PRODEMU y con las ganas de integrar, de trabajar. En este marco, debo relevar que tambi\u00e9n llegamos a la localidad de Malaqu\u00edn, en Alto del Carmen. Aqu\u00ed conoc\u00ed a un grupo de mujeres muy unidas, muy trabajadoras y empoderadas. Ellas iniciar\u00e1n un trabajo junto a PRODEMU e Indap, enmarcado en el programa Mujeres Rurales. El objetivo es potenciar y desarrollar la producci\u00f3n de gallinas y huevos, es decir, establecer un foco productivo para ellas y sus familias. Nuestro compromiso es apoyarlas, orientarlas y acompa\u00f1arlas, y as\u00ed lo haremos\u201d, argument\u00f3 Fern\u00e1ndez.\u00a0<\/span><\/p>\n<p><span lang=\"ES-MX\">Para ser parte del programa \u201cMujeres Rurales\u201d, las mujeres deben estar organizadas en grupos con un m\u00ednimo de 5 y un m\u00e1ximo de 10 integrantes y deber\u00e1n contar con un predio agr\u00edcola, pertenecer a un mismo sector o localidad, ser parte de un mismo rubro o dedicarse a rubros conexos entre ellos. Adem\u00e1s, las participantes deber\u00e1n cumplir con los requisitos para ser usuarias de INDAP, siendo integrantes de familias campesinas o peque\u00f1as productoras agr\u00edcolas, con edad, salud y tiempo disponible. \u201cMujeres Rurales\u201d se enmarca dentro de la ruta de emprendimiento rural y busca entregar apoyo por medio de aportes econ\u00f3micos y asesor\u00eda a sus participantes. Para conocer m\u00e1s, las mujeres se pueden contactar a la l\u00ednea telef\u00f3nica 800 364 200. \u00a0<\/span><\/p>\n<p style=\"text-align: center;\">\n<p><b><span lang=\"ES-MX\">Diego de Almagro (Inca de Oro) \u00a0<\/span><\/b><\/p>\n<p><span lang=\"ES-MX\">La directora regional de PRODEMU Johanna Fern\u00e1ndez Rodr\u00edguez tambi\u00e9n recorri\u00f3 la comuna de Cha\u00f1aral y de Diego de Almagro. \u201cEfectivamente no s\u00f3lo hemos recorrido el Valle del Tr\u00e1nsito en Alto del Carmen, sino que tambi\u00e9n llegamos a Diego de Almagro, particularmente a la localidad de Inca de Oro. Aqu\u00ed conocimos a un tremendo equipo de mujeres que desean integrarse al programa Mujeres Rurales. Aqu\u00ed tuve el privilegio de orientarlas respecto de los requisitos y alcances. Por ahora, trabajar\u00e1n con apoyo de privados, pero el pr\u00f3ximo a\u00f1o, es decir, en no m\u00e1s de 3 meses, se integrar\u00e1n al programa de PRODEMU. Esto es lo bueno de viajar y conocer a mujeres, porque se abren puertas para poder apoyarlas y cambiar sus vidas\u201d. \u00a0<\/span><\/p>\n<p style=\"text-align: center;\">\n<b><span lang=\"ES-MX\">Cha\u00f1aral (Barquito y Pan de Az\u00facar)\u00a0<\/span><\/b><\/p>\n<p><span lang=\"ES-MX\">La gira de PRODEMU ha llegado tambi\u00e9n a la comuna de Cha\u00f1aral y sus localidades. Esta \u00faltima se cre\u00f3 con la finalidad de realizar un trabajo en terreno para exponer la oferta program\u00e1tica de la fundaci\u00f3n a la mayor cantidad de hogares donde hay una o muchas mujeres. \u201cEn la localidad de Barquito hemos visto mucho inter\u00e9s por parte de sus mujeres respecto a los programas de PRODEMU. Por esta raz\u00f3n llegamos con toda la informaci\u00f3n necesaria, dialogamos, conocimos la historia de sus mujeres y ahora las hemos incorporado a nuestra base de datos para trabajar juntas\u201d. \u00a0<\/span><\/p>\n<p><span lang=\"ES-MX\">\u201cDe la misma forma llegamos a la caleta de Pan de Az\u00facar donde estamos trabajando con mujeres del sector y ejecutando nuestra Ruta de Organizaciones. Hemos visto sus avances, sus productos, su unidad, su disposici\u00f3n de seguir trabajando juntas y nos llena de orgullo verlas as\u00ed. El objetivo de haber llegado hasta aqu\u00ed es que se nos hace un imperativo traer informaci\u00f3n de nuestras rutas, programas e iniciativas porque sabemos que ellas dedican su d\u00eda al mar y al trabajo. Por lo tanto, es un honor llegar a donde est\u00e1n ellas y en terreno poder trabajar y proyectar nuevas iniciativas en equipo\u201d, agreg\u00f3 Johanna Fern\u00e1ndez. \u00a0<\/span><\/p>\n<p><span lang=\"ES-MX\">Respecto a la \u201cRuta de Organizaciones\u201d, al final de esta, se espera que las mujeres fortalezcan preferentemente su autonom\u00eda para la toma de decisiones, mediante un proceso de empoderamiento personal y del desarrollo de competencias para el liderazgo, contribuyendo as\u00ed a aumentar su bienestar y el de su comunidad. \u00a0<\/span><\/p>\n<p><span lang=\"ES-MX\">En otras palabras, la \u201cRuta de Organizaciones\u201d consiste en una capacitaci\u00f3n para que organizaciones de mujeres o mixtas, desarrollen competencias en las resoluciones de conflictos, distribuci\u00f3n de roles, manejo de cuentas al interior de la organizaci\u00f3n y desarrollo de proyectos de financiamiento. Inf\u00f3rmate de \u00e9sta y otras rutas en www.prodemu.cl\u00a0<\/span><\/p>\n","protected":false},"excerpt":{"rendered":"<p>La meta es llegar a 6.000 a fin de a\u00f1o. \u201cAgradecemos a cada mujer y agrupaci\u00f3n por recibirnos en sus hogares. Esa cercan\u00eda ha sido&hellip; <\/p>\n","protected":false},"author":2,"featured_media":45704,"comment_status":"open","ping_status":"closed","sticky":false,"template":"","format":"standard","meta":{"footnotes":""},"categories":[7],"tags":[],"class_list":["post-45703","post","type-post","status-publish","format-standard","has-post-thumbnail","hentry","category-atacama"],"_links":{"self":[{"href":"https:\/\/www.radioamigavallenar.cl\/index.php?rest_route=\/wp\/v2\/posts\/45703","targetHints":{"allow":["GET"]}}],"collection":[{"href":"https:\/\/www.radioamigavallenar.cl\/index.php?rest_route=\/wp\/v2\/posts"}],"about":[{"href":"https:\/\/www.radioamigavallenar.cl\/index.php?rest_route=\/wp\/v2\/types\/post"}],"author":[{"embeddable":true,"href":"https:\/\/www.radioamigavallenar.cl\/index.php?rest_route=\/wp\/v2\/users\/2"}],"replies":[{"embeddable":true,"href":"https:\/\/www.radioamigavallenar.cl\/index.php?rest_route=%2Fwp%2Fv2%2Fcomments&post=45703"}],"version-history":[{"count":1,"href":"https:\/\/www.radioamigavallenar.cl\/index.php?rest_route=\/wp\/v2\/posts\/45703\/revisions"}],"predecessor-version":[{"id":45705,"href":"https:\/\/www.radioamigavallenar.cl\/index.php?rest_route=\/wp\/v2\/posts\/45703\/revisions\/45705"}],"wp:featuredmedia":[{"embeddable":true,"href":"https:\/\/www.radioamigavallenar.cl\/index.php?rest_route=\/wp\/v2\/media\/45704"}],"wp:attachment":[{"href":"https:\/\/www.radioamigavallenar.cl\/index.php?rest_route=%2Fwp%2Fv2%2Fmedia&parent=45703"}],"wp:term":[{"taxonomy":"category","embeddable":true,"href":"https:\/\/www.radioamigavallenar.cl\/index.php?rest_route=%2Fwp%2Fv2%2Fcategories&post=45703"},{"taxonomy":"post_tag","embeddable":true,"href":"https:\/\/www.radioamigavallenar.cl\/index.php?rest_route=%2Fwp%2Fv2%2Ftags&post=45703"}],"curies":[{"name":"wp","href":"https:\/\/api.w.org\/{rel}","templated":true}]}}