{"id":45701,"date":"2021-10-12T06:00:45","date_gmt":"2021-10-12T09:00:45","guid":{"rendered":"https:\/\/www.radioamigavallenar.cl\/?p=45701"},"modified":"2021-10-11T20:51:52","modified_gmt":"2021-10-11T23:51:52","slug":"atacama-esta-entre-las-regiones-del-mundo-con-mayor-potencial-para-desarrollar-hidrogeno-verde","status":"publish","type":"post","link":"https:\/\/www.radioamigavallenar.cl\/?p=45701","title":{"rendered":"Atacama est\u00e1 entre las regiones del mundo con mayor potencial para desarrollar hidr\u00f3geno verde"},"content":{"rendered":"<p>La innovaci\u00f3n como pilar fundamental para un buen desarrollo de la regi\u00f3n y de los procesos constructivos que se ejecutan en la zona, fue el tema abordado en el Seminario \u201cInnovaci\u00f3n para el Desarrollo: El futuro en nuestras manos\u201d, que fue el cierre de la VIII Semana de la Construcci\u00f3n Desarrolla Atacama, organizado entre la CChC Copiap\u00f3 y el Departamento de Construcci\u00f3n de la Universidad de Atacama.<\/p>\n<p>En este contexto, Marco Vaccarezza, Gerente de Desarrollo en Sistemas de Energ\u00eda Solar de Fraunhofer Chile Research, expuso sobre el potencial de la regi\u00f3n en cuanto a la generaci\u00f3n de energ\u00edas renovables no convencionales, especialmente la solar dados los altos \u00edndices de radiaci\u00f3n en el Desierto de Atacama, y al mismo tiempo, considerando esta condici\u00f3n, de las posibilidades para generar hidr\u00f3geno verde -que para ser verde debe ser elaborado con ERNC-, el denominado combustible del futuro, siendo el norte Chile junto con la Patagonia -por su potencial e\u00f3lico-, dos de las zonas del mundo donde se podr\u00eda producir con menores costos y mayor sustentabilidad, adem\u00e1s de su posici\u00f3n estrat\u00e9gica para incluso poder exportarlo.<\/p>\n<p>\u201cCuando hablamos de hidr\u00f3geno verde tambi\u00e9n estamos hablando de grandes polos de desarrollo, va a ser una oportunidad industrial efectiva y transversal si lo realizamos a gran escala, por eso las metas son ambiciosas, por lo mismo para pensar en esto tenemos que considerar los llamados valles de hidr\u00f3genos, complejos multiproductos donde tengo cercan\u00eda con energ\u00edas renovables, solar, e\u00f3lica, a puertos, a gasoductos, a infraestructuras que me permite desarrollar econom\u00edas de escala y optimizar esta cadena de valor\u201d, explico Vaccarezza.<\/p>\n<p>Capacidad de innovar: Colaboraci\u00f3n y creatividad<\/p>\n<p>En su intervenci\u00f3n en el Seminario, Claudia Ahumada, presidenta de la Comisi\u00f3n de Innovaci\u00f3n de la CChC Copiap\u00f3, coment\u00f3 que el Work Economic Forum distingue que son tres habilidades blandas las m\u00e1s cr\u00edticas dentro de una determinada compa\u00f1\u00eda para su futura sostenibilidad: la capacidad de resolver problemas, el pensamiento cr\u00edtico y la innovaci\u00f3n y creatividad.<\/p>\n<p>En ese sentido la tambi\u00e9n CEO de Ingennio y Mukava proyect\u00f3 que \u201c\u00bfc\u00f3mo vamos a trabajar estas habilidades blandas tomando en cuenta que la capacidad de innovar tiene que ver con c\u00f3mo fomentamos en las personas el hecho de que quieran innovar? Incluso m\u00e1s all\u00e1 de los tecnicismos sobre lo que significa la innovaci\u00f3n, sus procesos y t\u00e9cnicas, como pa\u00eds estamos al debe en este tipo de educaci\u00f3n y en potenciar tanto la creatividad como la colaboraci\u00f3n\u201d.<\/p>\n<p>Ahumada indic\u00f3 que para este objetivo se cumpla debemos considerar que \u201cla innovaci\u00f3n tiene dos principios b\u00e1sicos: la creatividad y la colaboraci\u00f3n, donde cambiamos el trabajo en equipo a uno colaborativo, ya no trabajamos por tareas disgregadas, sino que en conjunto donde todos aportamos con nuestros puntos de vista sobre una misma idea, concepto o trama, entonces desde ese punto de vista el potenciar el trabajo colaborativo, conversar los problemas, escuchar al otro, que en las empresas fomenten este tipo de espacios, van a dar directamente en post de la innovaci\u00f3n\u201d.<\/p>\n<p>Construcci\u00f3n: brechas de innovaci\u00f3n a nivel regional<\/p>\n<p>Hern\u00e1n Pape, acad\u00e9mico e investigador del Departamento de Industria y Negocios de la Universidad de Atacama, y Amin Nazer, director del Departamento de Construcci\u00f3n de la misma casa de estudios, presentaron el art\u00edculo \u201cDeterminantes de la innovaci\u00f3n en empresas constructoras de la Regi\u00f3n de Atacama, Chile\u201d que fue publicado en la prestigiosa revista de Ingenier\u00eda Civil de la Universidad Cat\u00f3lica de la Sant\u00edsima Concepci\u00f3n.<\/p>\n<p>Este trabajo acad\u00e9mico analiz\u00f3 a doce empresas constructoras de la regi\u00f3n de Atacama, donde se lleg\u00f3 a la conclusi\u00f3n de que para el total de entrevistados la innovaci\u00f3n es una herramienta estrat\u00e9gica de gesti\u00f3n, que las \u00e1reas m\u00e1s factibles de poder mejorar sus procesos son materiales, productos y equipos y maquinarias, y los factores que desfavorecen la aplicaci\u00f3n de nuevas capacidades son una falta de cultura innovadora, una estructura organizacional poco flexible, la escasez de recursos y la capacidad gerencial.<\/p>\n<p>\u201cPara hacer innovaci\u00f3n, instalarla y practicarla, hay que atreverse, esa es la palabra clave, en un mundo que no es est\u00e1tico, no es r\u00edgido, siempre estaremos frente a un cambio y esos cambios nosotros los podemos practicar en forma personal, en nuestra actividad diaria, en nuestra oficina, cambiar el orden de las cosas para hacerlo m\u00e1s funcional, m\u00e1s \u00fatil, para tener beneficios para las empresas que buscan un mejor desarrollo\u201d, destac\u00f3 el profesor Amin Nazer.<\/p>\n<p>Cabe destacar, que este seminario, fue el cierre de la VIII Semana de la Construcci\u00f3n Desarrolla Atacama, que se desarroll\u00f3 con seminarios online y m\u00e1s de quince invitados internacionales, nacionales y locales en sus distintas charlas, entre el martes 5 y el jueves 7 de octubre.<\/p>\n","protected":false},"excerpt":{"rendered":"<p>La innovaci\u00f3n como pilar fundamental para un buen desarrollo de la regi\u00f3n y de los procesos constructivos que se ejecutan en la zona, fue el&hellip; <\/p>\n","protected":false},"author":2,"featured_media":42275,"comment_status":"open","ping_status":"closed","sticky":false,"template":"","format":"standard","meta":{"footnotes":""},"categories":[7],"tags":[],"class_list":["post-45701","post","type-post","status-publish","format-standard","has-post-thumbnail","hentry","category-atacama"],"_links":{"self":[{"href":"https:\/\/www.radioamigavallenar.cl\/index.php?rest_route=\/wp\/v2\/posts\/45701","targetHints":{"allow":["GET"]}}],"collection":[{"href":"https:\/\/www.radioamigavallenar.cl\/index.php?rest_route=\/wp\/v2\/posts"}],"about":[{"href":"https:\/\/www.radioamigavallenar.cl\/index.php?rest_route=\/wp\/v2\/types\/post"}],"author":[{"embeddable":true,"href":"https:\/\/www.radioamigavallenar.cl\/index.php?rest_route=\/wp\/v2\/users\/2"}],"replies":[{"embeddable":true,"href":"https:\/\/www.radioamigavallenar.cl\/index.php?rest_route=%2Fwp%2Fv2%2Fcomments&post=45701"}],"version-history":[{"count":1,"href":"https:\/\/www.radioamigavallenar.cl\/index.php?rest_route=\/wp\/v2\/posts\/45701\/revisions"}],"predecessor-version":[{"id":45702,"href":"https:\/\/www.radioamigavallenar.cl\/index.php?rest_route=\/wp\/v2\/posts\/45701\/revisions\/45702"}],"wp:featuredmedia":[{"embeddable":true,"href":"https:\/\/www.radioamigavallenar.cl\/index.php?rest_route=\/wp\/v2\/media\/42275"}],"wp:attachment":[{"href":"https:\/\/www.radioamigavallenar.cl\/index.php?rest_route=%2Fwp%2Fv2%2Fmedia&parent=45701"}],"wp:term":[{"taxonomy":"category","embeddable":true,"href":"https:\/\/www.radioamigavallenar.cl\/index.php?rest_route=%2Fwp%2Fv2%2Fcategories&post=45701"},{"taxonomy":"post_tag","embeddable":true,"href":"https:\/\/www.radioamigavallenar.cl\/index.php?rest_route=%2Fwp%2Fv2%2Ftags&post=45701"}],"curies":[{"name":"wp","href":"https:\/\/api.w.org\/{rel}","templated":true}]}}