{"id":45698,"date":"2021-10-12T06:00:13","date_gmt":"2021-10-12T09:00:13","guid":{"rendered":"https:\/\/www.radioamigavallenar.cl\/?p=45698"},"modified":"2021-10-11T20:49:59","modified_gmt":"2021-10-11T23:49:59","slug":"gobierno-dota-de-cinco-nuevas-camaras-de-televigilancia-a-vallenar","status":"publish","type":"post","link":"https:\/\/www.radioamigavallenar.cl\/?p=45698","title":{"rendered":"Gobierno dota de cinco nuevas c\u00e1maras de televigilancia a Vallenar"},"content":{"rendered":"<p>Cinco nuevas c\u00e1maras contribuir\u00e1n a mejorar la seguridad p\u00fablica en Vallenar, Regi\u00f3n de Atacama, como parte del proyecto Teleprotecci\u00f3n Nacional, impulsado por la Subsecretar\u00eda de Prevenci\u00f3n del Delito (SPD).<\/p>\n<p>La iniciativa \u2013enmarcada en el plan gubernamental Calle Segura-\u00a0 considera la instalaci\u00f3n de un total de mil c\u00e1maras en 66 comunas del pa\u00eds.<\/p>\n<p>La entrega y puesta en marcha de los 5 dispositivos de vigilancia en Copiap\u00f3 fue anunciada por la Subsecretaria de Prevenci\u00f3n del Delito, Mar\u00eda Jos\u00e9 G\u00f3mez, junto al Delegado Presidencial Regional, Patricio Urquieta.<\/p>\n<p>\u201cEstamos dando el vamos a un proyecto de nuestra Subsecretar\u00eda, que suma cinco c\u00e1maras de televigilancia a las ya operativas en Vallenar. Seguimos trabajando en este esfuerzo coordinado de todas las instituciones, que apoya el trabajo de las polic\u00edas y del Ministerio P\u00fablico, y que entrega una mayor sensaci\u00f3n de seguridad a los vecinos y vecinas de esta ciudad\u201d, afirm\u00f3 la Subsecretaria G\u00f3mez.<\/p>\n<p>En tanto, el Delegado Presidencial Regional, Patricio Urquieta, dijo que \u201cEste es un esfuerzo que estamos realizando desde el Gobierno para poder incorporar m\u00e1s tecnolog\u00eda a los procesos de seguridad, y sin duda tambi\u00e9n queremos seguir trabajando en aquellos anhelos que ha tenido la comunidad durante mucho tiempo, como es el caso de la instalaci\u00f3n del cuartel en Torreblanca, y que es parte del trabajo estamos desarrollando a trav\u00e9s de Carabineros, y tambi\u00e9n con el Ministerio Vivienda para identificar el mejor lugar donde se pueda emplazar un cuartel policial\u201d.<\/p>\n<p>Las cinco c\u00e1maras de Vallenar implicaron una inversi\u00f3n p\u00fablica de m\u00e1s $80 millones, a trav\u00e9s de la SPD, y todas ellas son del tipo PTZ, vale decir capaces de rotar alrededor de dos ejes (uno horizontal y otro vertical) y con zoom manual y autom\u00e1tico.<\/p>\n<p>Las im\u00e1genes captadas por los equipos PTZ son visualizadas y procesadas en centrales de monitoreo a cargo de los municipios.<\/p>\n<p>Las c\u00e1maras asociadas al proyecto Teleprotecci\u00f3n Nacional se sit\u00faan en \u00e1reas que concentran casos policiales y que han sido validadas por los municipios. La iniciativa privilegia, adem\u00e1s, a zonas que no cuentan con estos equipos.<\/p>\n<p>Los dispositivos van montados en postes met\u00e1licos y est\u00e1n conectados v\u00eda microondas, a trav\u00e9s de antenas.<\/p>\n","protected":false},"excerpt":{"rendered":"<p>Cinco nuevas c\u00e1maras contribuir\u00e1n a mejorar la seguridad p\u00fablica en Vallenar, Regi\u00f3n de Atacama, como parte del proyecto Teleprotecci\u00f3n Nacional, impulsado por la Subsecretar\u00eda de&hellip; <\/p>\n","protected":false},"author":2,"featured_media":45699,"comment_status":"open","ping_status":"closed","sticky":false,"template":"","format":"standard","meta":{"footnotes":""},"categories":[7],"tags":[],"class_list":["post-45698","post","type-post","status-publish","format-standard","has-post-thumbnail","hentry","category-atacama"],"_links":{"self":[{"href":"https:\/\/www.radioamigavallenar.cl\/index.php?rest_route=\/wp\/v2\/posts\/45698","targetHints":{"allow":["GET"]}}],"collection":[{"href":"https:\/\/www.radioamigavallenar.cl\/index.php?rest_route=\/wp\/v2\/posts"}],"about":[{"href":"https:\/\/www.radioamigavallenar.cl\/index.php?rest_route=\/wp\/v2\/types\/post"}],"author":[{"embeddable":true,"href":"https:\/\/www.radioamigavallenar.cl\/index.php?rest_route=\/wp\/v2\/users\/2"}],"replies":[{"embeddable":true,"href":"https:\/\/www.radioamigavallenar.cl\/index.php?rest_route=%2Fwp%2Fv2%2Fcomments&post=45698"}],"version-history":[{"count":1,"href":"https:\/\/www.radioamigavallenar.cl\/index.php?rest_route=\/wp\/v2\/posts\/45698\/revisions"}],"predecessor-version":[{"id":45700,"href":"https:\/\/www.radioamigavallenar.cl\/index.php?rest_route=\/wp\/v2\/posts\/45698\/revisions\/45700"}],"wp:featuredmedia":[{"embeddable":true,"href":"https:\/\/www.radioamigavallenar.cl\/index.php?rest_route=\/wp\/v2\/media\/45699"}],"wp:attachment":[{"href":"https:\/\/www.radioamigavallenar.cl\/index.php?rest_route=%2Fwp%2Fv2%2Fmedia&parent=45698"}],"wp:term":[{"taxonomy":"category","embeddable":true,"href":"https:\/\/www.radioamigavallenar.cl\/index.php?rest_route=%2Fwp%2Fv2%2Fcategories&post=45698"},{"taxonomy":"post_tag","embeddable":true,"href":"https:\/\/www.radioamigavallenar.cl\/index.php?rest_route=%2Fwp%2Fv2%2Ftags&post=45698"}],"curies":[{"name":"wp","href":"https:\/\/api.w.org\/{rel}","templated":true}]}}