{"id":45649,"date":"2021-10-08T06:00:18","date_gmt":"2021-10-08T09:00:18","guid":{"rendered":"https:\/\/www.radioamigavallenar.cl\/?p=45649"},"modified":"2021-10-08T11:49:29","modified_gmt":"2021-10-08T14:49:29","slug":"pese-a-incertidumbre-por-economia-china-el-cobre-registra-alza-semanal-de-15","status":"publish","type":"post","link":"https:\/\/www.radioamigavallenar.cl\/?p=45649","title":{"rendered":"Pese a incertidumbre por econom\u00eda china, el cobre registra alza semanal de 1,5%"},"content":{"rendered":"<p>Aunque el panorama econ\u00f3mico internacional empeora, un analista dijo que es poco probable que el precio del commodity baje ante una ajustada oferta.<\/p>\n<p>El cobre volvi\u00f3 a subir este viernes y anot\u00f3 su tercera sesi\u00f3n consecutiva de incrementos a medida que mejoran las perspectivas por una demanda m\u00e1s solida del metal, en l\u00ednea con inventarios m\u00e1s bajos.<\/p>\n<p>La principal exportaci\u00f3n chilena registr\u00f3 un alza de 0,75% este viernes en la Bolsa de Metales de Londres (LME), al transarse en US$4,19392, que se compara con los US$4,16262 del jueves.<\/p>\n<p>Con ello, el promedio del mes se ubic\u00f3 en US$4,15725 y el anual en US$4,16740, en tanto que la escalda semanal del commodity fue de 1,5%. Pese a ello, el enfoque del mercado est\u00e1 en las n\u00f3minas no agr\u00edcolas de Estados Unidos que se publican esta tarde.<\/p>\n<p>\u00abLa \u00fanica nube que se cierne sobre el cobre es un panorama macro que empeora, pero el panorama de la oferta es muy ajustado y eso impide que el precio del cobre baje\u00bb, dijo Gianclaudio Torlizzi, socio de la consultora T-Commodity a Reuters.<\/p>\n<p>Las existencias de los almacenes de operadores subieron pero se mantuvieron en niveles bajos. Otra preocupaci\u00f3n para el mercado del cobre es el posible contagio de los problemas financieros de la gigante inmobiliaria china Evergrande, esto dado que el sector inmobiliario de China es un importante consumidor de cobre.<\/p>\n","protected":false},"excerpt":{"rendered":"<p>Aunque el panorama econ\u00f3mico internacional empeora, un analista dijo que es poco probable que el precio del commodity baje ante una ajustada oferta. El cobre&hellip; <\/p>\n","protected":false},"author":2,"featured_media":26747,"comment_status":"open","ping_status":"closed","sticky":false,"template":"","format":"standard","meta":{"footnotes":""},"categories":[38],"tags":[],"class_list":["post-45649","post","type-post","status-publish","format-standard","has-post-thumbnail","hentry","category-portada-regional"],"_links":{"self":[{"href":"https:\/\/www.radioamigavallenar.cl\/index.php?rest_route=\/wp\/v2\/posts\/45649","targetHints":{"allow":["GET"]}}],"collection":[{"href":"https:\/\/www.radioamigavallenar.cl\/index.php?rest_route=\/wp\/v2\/posts"}],"about":[{"href":"https:\/\/www.radioamigavallenar.cl\/index.php?rest_route=\/wp\/v2\/types\/post"}],"author":[{"embeddable":true,"href":"https:\/\/www.radioamigavallenar.cl\/index.php?rest_route=\/wp\/v2\/users\/2"}],"replies":[{"embeddable":true,"href":"https:\/\/www.radioamigavallenar.cl\/index.php?rest_route=%2Fwp%2Fv2%2Fcomments&post=45649"}],"version-history":[{"count":1,"href":"https:\/\/www.radioamigavallenar.cl\/index.php?rest_route=\/wp\/v2\/posts\/45649\/revisions"}],"predecessor-version":[{"id":45650,"href":"https:\/\/www.radioamigavallenar.cl\/index.php?rest_route=\/wp\/v2\/posts\/45649\/revisions\/45650"}],"wp:featuredmedia":[{"embeddable":true,"href":"https:\/\/www.radioamigavallenar.cl\/index.php?rest_route=\/wp\/v2\/media\/26747"}],"wp:attachment":[{"href":"https:\/\/www.radioamigavallenar.cl\/index.php?rest_route=%2Fwp%2Fv2%2Fmedia&parent=45649"}],"wp:term":[{"taxonomy":"category","embeddable":true,"href":"https:\/\/www.radioamigavallenar.cl\/index.php?rest_route=%2Fwp%2Fv2%2Fcategories&post=45649"},{"taxonomy":"post_tag","embeddable":true,"href":"https:\/\/www.radioamigavallenar.cl\/index.php?rest_route=%2Fwp%2Fv2%2Ftags&post=45649"}],"curies":[{"name":"wp","href":"https:\/\/api.w.org\/{rel}","templated":true}]}}