{"id":45641,"date":"2021-10-08T11:34:00","date_gmt":"2021-10-08T14:34:00","guid":{"rendered":"https:\/\/www.radioamigavallenar.cl\/?p=45641"},"modified":"2021-10-08T12:30:27","modified_gmt":"2021-10-08T15:30:27","slug":"atacama-reporto-hoy-viernes-10-casos-nuevos-positivos-de-covid-19","status":"publish","type":"post","link":"https:\/\/www.radioamigavallenar.cl\/?p=45641","title":{"rendered":"Atacama reporto hoy viernes 10 casos nuevos positivos de covid-19"},"content":{"rendered":"<p>El Ministerio de Salud inform\u00f3 este viernes un total de 10 casos nuevos de covid-19 en Atacama, misma cantidad de nuevos casos registrada el d\u00eda jueves, de ellos 7 sintom\u00e1ticos y 3 sin s\u00edntomas. Adem\u00e1s hoy se informaron 76 activos a nivel regional, con una tasa de incidencia de 24,1, manifestando un leve descenso en relaci\u00f3n a jornadas anteriores.<\/p>\n<p>La positividad se mantiene en 1 % diario, igual porcentaje de la \u00faltima semana, se\u00f1ala el informe.<\/p>\n<p><a href=\"https:\/\/www.radioamigavallenar.cl\/wp-content\/uploads\/2021\/10\/FBLzPabXICMcVhv.jpg\"><img loading=\"lazy\" decoding=\"async\" class=\"alignnone size-full wp-image-45651\" src=\"https:\/\/www.radioamigavallenar.cl\/wp-content\/uploads\/2021\/10\/FBLzPabXICMcVhv.jpg\" alt=\"\" width=\"1080\" height=\"1080\" srcset=\"https:\/\/www.radioamigavallenar.cl\/wp-content\/uploads\/2021\/10\/FBLzPabXICMcVhv.jpg 1080w, https:\/\/www.radioamigavallenar.cl\/wp-content\/uploads\/2021\/10\/FBLzPabXICMcVhv-300x300.jpg 300w, https:\/\/www.radioamigavallenar.cl\/wp-content\/uploads\/2021\/10\/FBLzPabXICMcVhv-1024x1024.jpg 1024w, https:\/\/www.radioamigavallenar.cl\/wp-content\/uploads\/2021\/10\/FBLzPabXICMcVhv-150x150.jpg 150w, https:\/\/www.radioamigavallenar.cl\/wp-content\/uploads\/2021\/10\/FBLzPabXICMcVhv-768x768.jpg 768w\" sizes=\"auto, (max-width: 1080px) 100vw, 1080px\" \/><\/a><\/p>\n<p>Con ello Atacama alcanza a la fecha\u00a027.464 casos acumulados de la enfermedad.<\/p>\n","protected":false},"excerpt":{"rendered":"<p>El Ministerio de Salud inform\u00f3 este viernes un total de 10 casos nuevos de covid-19 en Atacama, misma cantidad de nuevos casos registrada el d\u00eda&hellip; <\/p>\n","protected":false},"author":2,"featured_media":24785,"comment_status":"open","ping_status":"closed","sticky":false,"template":"","format":"standard","meta":{"footnotes":""},"categories":[7],"tags":[],"class_list":["post-45641","post","type-post","status-publish","format-standard","has-post-thumbnail","hentry","category-atacama"],"_links":{"self":[{"href":"https:\/\/www.radioamigavallenar.cl\/index.php?rest_route=\/wp\/v2\/posts\/45641","targetHints":{"allow":["GET"]}}],"collection":[{"href":"https:\/\/www.radioamigavallenar.cl\/index.php?rest_route=\/wp\/v2\/posts"}],"about":[{"href":"https:\/\/www.radioamigavallenar.cl\/index.php?rest_route=\/wp\/v2\/types\/post"}],"author":[{"embeddable":true,"href":"https:\/\/www.radioamigavallenar.cl\/index.php?rest_route=\/wp\/v2\/users\/2"}],"replies":[{"embeddable":true,"href":"https:\/\/www.radioamigavallenar.cl\/index.php?rest_route=%2Fwp%2Fv2%2Fcomments&post=45641"}],"version-history":[{"count":2,"href":"https:\/\/www.radioamigavallenar.cl\/index.php?rest_route=\/wp\/v2\/posts\/45641\/revisions"}],"predecessor-version":[{"id":45652,"href":"https:\/\/www.radioamigavallenar.cl\/index.php?rest_route=\/wp\/v2\/posts\/45641\/revisions\/45652"}],"wp:featuredmedia":[{"embeddable":true,"href":"https:\/\/www.radioamigavallenar.cl\/index.php?rest_route=\/wp\/v2\/media\/24785"}],"wp:attachment":[{"href":"https:\/\/www.radioamigavallenar.cl\/index.php?rest_route=%2Fwp%2Fv2%2Fmedia&parent=45641"}],"wp:term":[{"taxonomy":"category","embeddable":true,"href":"https:\/\/www.radioamigavallenar.cl\/index.php?rest_route=%2Fwp%2Fv2%2Fcategories&post=45641"},{"taxonomy":"post_tag","embeddable":true,"href":"https:\/\/www.radioamigavallenar.cl\/index.php?rest_route=%2Fwp%2Fv2%2Ftags&post=45641"}],"curies":[{"name":"wp","href":"https:\/\/api.w.org\/{rel}","templated":true}]}}