{"id":45638,"date":"2021-10-08T11:18:14","date_gmt":"2021-10-08T14:18:14","guid":{"rendered":"https:\/\/www.radioamigavallenar.cl\/?p=45638"},"modified":"2021-10-08T11:18:14","modified_gmt":"2021-10-08T14:18:14","slug":"atacama-solo-un-72-de-cobertura-presenta-dosis-de-refuerzo-en-menores-de-55-anos","status":"publish","type":"post","link":"https:\/\/www.radioamigavallenar.cl\/?p=45638","title":{"rendered":"ATACAMA: Solo un 7,2 % de cobertura presenta dosis de refuerzo en menores de 55 a\u00f1os"},"content":{"rendered":"<p>Atacama es la segunda regi\u00f3n con menor cobertura en este rango etario. Por lo que el Director del Servicio de Salud, Claudio Baeza, hizo un llamado a las personas menores de 55 a\u00f1os que completaron su esquema con vacuna Sinovac asistan a su dosis de refuerzo para continuar combatiendo el coronavirus.<\/p>\n<p>\u201cHoy, la preocupaci\u00f3n es por el rango etario correspondiente a menores de 55 a\u00f1os que presentan una cobertura de 7,2% versus los adultos mayores sobre 55 a\u00f1os que presentan una cobertura de 53%. A nivel nacional la tasa en menores de 55 a\u00f1os es 11,8% por lo que nos tiene con bastante inquietud. Estos bajos porcentajes podr\u00edan aumentar el n\u00famero de contagios dado que la enfermedad tiene la posibilidad de desarrollarse dado que el sistema inmunol\u00f3gico comienza a descender a medida que no tenemos la dosis de refuerzo\u201d<\/p>\n<p>Las regiones que lideran este proceso de refuerzo en menores de 55 son Magallanes con un 20,9%, Ais\u00e9n con un 14% y Metropolitana con un 12,9%. Por otro lado, las regiones con menor cobertura corresponden a Arica y Parinacota con un 7,4, Atacama con un 7,2% y Coquimbo con un 6,7%. Al respecto, el Jefe de la Red Asistencial insiste en el llamado a las personas menores de 55 a\u00f1os de edad a asistir a los puntos de vacunaci\u00f3n dispuestos en cada comuna para la administraci\u00f3n de su dosis refuerzo, a fin de evitar contagios Covid 19 en la regi\u00f3n.<\/p>\n<p>\u201cSe han hecho todos los esfuerzos necesarios para llevar a cabo este programa de vacunaci\u00f3n. Contamos adem\u00e1s con una ley que permite a los trabajadores y trabajadoras contar con un permiso de media jornada (con 48 horas de anticipaci\u00f3n) para asistir a los puntos por lo que es fundamental que concurra para continuar fortaleciendo su sistema inmunol\u00f3gico. Recuerde que la pandemia sigue, el virus es por transmisi\u00f3n comunitaria por lo que es muy importante que finalice este proceso\u201d finaliz\u00f3 Baeza.<\/p>\n","protected":false},"excerpt":{"rendered":"<p>Atacama es la segunda regi\u00f3n con menor cobertura en este rango etario. Por lo que el Director del Servicio de Salud, Claudio Baeza, hizo un&hellip; <\/p>\n","protected":false},"author":2,"featured_media":45639,"comment_status":"open","ping_status":"closed","sticky":false,"template":"","format":"standard","meta":{"footnotes":""},"categories":[7],"tags":[],"class_list":["post-45638","post","type-post","status-publish","format-standard","has-post-thumbnail","hentry","category-atacama"],"_links":{"self":[{"href":"https:\/\/www.radioamigavallenar.cl\/index.php?rest_route=\/wp\/v2\/posts\/45638","targetHints":{"allow":["GET"]}}],"collection":[{"href":"https:\/\/www.radioamigavallenar.cl\/index.php?rest_route=\/wp\/v2\/posts"}],"about":[{"href":"https:\/\/www.radioamigavallenar.cl\/index.php?rest_route=\/wp\/v2\/types\/post"}],"author":[{"embeddable":true,"href":"https:\/\/www.radioamigavallenar.cl\/index.php?rest_route=\/wp\/v2\/users\/2"}],"replies":[{"embeddable":true,"href":"https:\/\/www.radioamigavallenar.cl\/index.php?rest_route=%2Fwp%2Fv2%2Fcomments&post=45638"}],"version-history":[{"count":1,"href":"https:\/\/www.radioamigavallenar.cl\/index.php?rest_route=\/wp\/v2\/posts\/45638\/revisions"}],"predecessor-version":[{"id":45640,"href":"https:\/\/www.radioamigavallenar.cl\/index.php?rest_route=\/wp\/v2\/posts\/45638\/revisions\/45640"}],"wp:featuredmedia":[{"embeddable":true,"href":"https:\/\/www.radioamigavallenar.cl\/index.php?rest_route=\/wp\/v2\/media\/45639"}],"wp:attachment":[{"href":"https:\/\/www.radioamigavallenar.cl\/index.php?rest_route=%2Fwp%2Fv2%2Fmedia&parent=45638"}],"wp:term":[{"taxonomy":"category","embeddable":true,"href":"https:\/\/www.radioamigavallenar.cl\/index.php?rest_route=%2Fwp%2Fv2%2Fcategories&post=45638"},{"taxonomy":"post_tag","embeddable":true,"href":"https:\/\/www.radioamigavallenar.cl\/index.php?rest_route=%2Fwp%2Fv2%2Ftags&post=45638"}],"curies":[{"name":"wp","href":"https:\/\/api.w.org\/{rel}","templated":true}]}}