{"id":45636,"date":"2021-10-08T10:41:24","date_gmt":"2021-10-08T13:41:24","guid":{"rendered":"https:\/\/www.radioamigavallenar.cl\/?p=45636"},"modified":"2021-10-08T10:41:24","modified_gmt":"2021-10-08T13:41:24","slug":"gobierno-admite-sorpresa-por-ipc-y-alerta-que-posible-nuevo-retiro-de-afp-hara-subir-mas-los-precios","status":"publish","type":"post","link":"https:\/\/www.radioamigavallenar.cl\/?p=45636","title":{"rendered":"Gobierno admite sorpresa por IPC y alerta que posible nuevo retiro de AFP har\u00e1 subir m\u00e1s los precios"},"content":{"rendered":"<div class=\"post-excerpt\">\n<p>Los analistas proyectaban una variaci\u00f3n del IPC de s\u00f3lo 0,8% en septiembre. Sin embargo, el escenario fue distinto. El Ejecutivo admiti\u00f3 preocupaci\u00f3n por el costo de vida; alertando que nuevos est\u00edmulos econ\u00f3micos seguir\u00e1n presionando al alza los precios.<\/p>\n<\/div>\n<div class=\"banners-contenido-nota-5084723\">\n<p>El Gobierno admiti\u00f3 sorpresa ante la\u00a0<strong>gran variaci\u00f3n mensual<\/strong>\u00a0que experiment\u00f3 el \u00cdndice de Precios al Consumidor (IPC) en septiembre:\u00a0<strong>1,2%<\/strong>, acumulando 4,4% en lo que va del a\u00f1o y 5,3% a doce meses.<\/p>\n<p>Esto, porque los expertos ten\u00edan una proyecci\u00f3n de s\u00f3lo 0,8% para ese mes. En consecuencia, en septiembre el IPC mostr\u00f3 su mayor variaci\u00f3n mensual\u00a0<strong>en m\u00e1s de una d\u00e9cada<\/strong>\u00a0(junio de 2008).<\/p>\n<p>En este contexto el ministro de Econom\u00eda,\u00a0<strong>Lucas Palacios<\/strong>, alert\u00f3 que un eventual cuarto retiro de los ahorros previsionales \u201cser\u00eda un golpe doloroso para los m\u00e1s pobres, ya que\u00a0<strong>presionar\u00eda a\u00fan m\u00e1s los precios al alza\u201d.<\/strong><\/p>\n<p>El secretario de Estado coment\u00f3 en su cuenta de Twitter que la trayectoria de alzas de precios les preocupa por los efectos del IPC en contratos y pagos en UF, as\u00ed como en precios indexados y en tasas de inter\u00e9s.<\/p>\n<p>\u201cPor esto,\u00a0<strong>no podemos seguir inyectando dinero en la econom\u00eda. Sus efectos negativos lo pagan en mayor medida los m\u00e1s pobres\u201d<\/strong>, sentenci\u00f3.<\/p>\n<p>En la misma l\u00ednea, Palacios sostuvo que \u201cla recuperaci\u00f3n econ\u00f3mica est\u00e1 desplegada\u201d, y que en el pa\u00eds \u201cestamos recuperando empleos perdidos y debemos avanzar a la normalizaci\u00f3n productiva con generaci\u00f3n de m\u00e1s empleos e inversi\u00f3n\u201d.<\/p>\n<p>Sobre las razones del alza del costo de vida en el pa\u00eds, el ministro explic\u00f3 que, en parte, se debe tambi\u00e9n a las\u00a0<strong>dificultades log\u00edsticas internacionales<\/strong>\u00a0que generan \u201cescasez a nivel global\u201d.<\/p>\n<p>\u201cPero tambi\u00e9n\u00a0<strong>hay mayor cantidad de dinero en la econom\u00eda, por apoyos del Estado y retiros de fondos de pensiones<\/strong>, as\u00ed como tambi\u00e9n el alza del tipo de cambio que afecta a productos importados\u201d, puntualiz\u00f3.<\/p>\n<\/div>\n","protected":false},"excerpt":{"rendered":"<p>Los analistas proyectaban una variaci\u00f3n del IPC de s\u00f3lo 0,8% en septiembre. Sin embargo, el escenario fue distinto. El Ejecutivo admiti\u00f3 preocupaci\u00f3n por el costo&hellip; <\/p>\n","protected":false},"author":2,"featured_media":31777,"comment_status":"open","ping_status":"closed","sticky":false,"template":"","format":"standard","meta":{"footnotes":""},"categories":[37],"tags":[],"class_list":["post-45636","post","type-post","status-publish","format-standard","has-post-thumbnail","hentry","category-nacional"],"_links":{"self":[{"href":"https:\/\/www.radioamigavallenar.cl\/index.php?rest_route=\/wp\/v2\/posts\/45636","targetHints":{"allow":["GET"]}}],"collection":[{"href":"https:\/\/www.radioamigavallenar.cl\/index.php?rest_route=\/wp\/v2\/posts"}],"about":[{"href":"https:\/\/www.radioamigavallenar.cl\/index.php?rest_route=\/wp\/v2\/types\/post"}],"author":[{"embeddable":true,"href":"https:\/\/www.radioamigavallenar.cl\/index.php?rest_route=\/wp\/v2\/users\/2"}],"replies":[{"embeddable":true,"href":"https:\/\/www.radioamigavallenar.cl\/index.php?rest_route=%2Fwp%2Fv2%2Fcomments&post=45636"}],"version-history":[{"count":1,"href":"https:\/\/www.radioamigavallenar.cl\/index.php?rest_route=\/wp\/v2\/posts\/45636\/revisions"}],"predecessor-version":[{"id":45637,"href":"https:\/\/www.radioamigavallenar.cl\/index.php?rest_route=\/wp\/v2\/posts\/45636\/revisions\/45637"}],"wp:featuredmedia":[{"embeddable":true,"href":"https:\/\/www.radioamigavallenar.cl\/index.php?rest_route=\/wp\/v2\/media\/31777"}],"wp:attachment":[{"href":"https:\/\/www.radioamigavallenar.cl\/index.php?rest_route=%2Fwp%2Fv2%2Fmedia&parent=45636"}],"wp:term":[{"taxonomy":"category","embeddable":true,"href":"https:\/\/www.radioamigavallenar.cl\/index.php?rest_route=%2Fwp%2Fv2%2Fcategories&post=45636"},{"taxonomy":"post_tag","embeddable":true,"href":"https:\/\/www.radioamigavallenar.cl\/index.php?rest_route=%2Fwp%2Fv2%2Ftags&post=45636"}],"curies":[{"name":"wp","href":"https:\/\/api.w.org\/{rel}","templated":true}]}}